{"id":930,"date":"2011-04-06T11:06:11","date_gmt":"2011-04-06T09:06:11","guid":{"rendered":"http:\/\/www.biagiomarin.it\/home\/?p=930"},"modified":"2011-04-13T00:29:09","modified_gmt":"2011-04-12T22:29:09","slug":"svsb-edizione-de-i-mesi-dellanno-2010","status":"publish","type":"post","link":"https:\/\/www.biagiomarin.it\/home\/altre-pubblicazioni\/svsb-edizione-de-i-mesi-dellanno-2010\/","title":{"rendered":"SVSB edizione de &#8220;I mesi dell&#8217;anno&#8221;, 2010"},"content":{"rendered":"<p><!-- \t\t@page { margin: 2cm } \t\tP { margin-bottom: 0.21cm } --><span style=\"color: #993300;\">Dello stesso editore SVSB<\/span> nel 2010 \u00e8 anche edito il volumetto di poesie in italiano: \u201c<strong>I mesi dell&#8217;anno, <\/strong>dodici inediti, gi\u00e0<strong> <\/strong>pubblicate a Trieste dall&#8217;ALUT nel 1961, in edizione fuori commercio.<\/p>\n<p>Quella del 2010 \u00e8 edizione d&#8217;arte, si pu\u00f2 dirla strenna natalizia, accompagnata da un ammirevole apparato fotografico. La persistenza di testi poetici in italiano ci dice l&#8217;altro, non certo secondario, interesse del poeta per la comunicazione poetica nella lingua nazionale. D&#8217;altro canto, siamo convinti della superiorit\u00e0 della poesia nel dialetto di Grado, cio\u00e8 de \u201cI canti de l&#8217;isola\u201d e dell&#8217;unicit\u00e0 delle fonti comunicative dimostrata proprio da testi che fin dall&#8217;inizio hanno versione e in lingua italiana e nel dialetto di Grado.<\/p>\n<p>Si ricorda che la silloge<strong> \u00e8 stata musicata<\/strong> <strong>nel 1966<\/strong> per canto e pianoforte da <strong>Sonia Magris Sirsen<\/strong> (Fiume, 1935) attiva nella musica corale della Regione Friuli-Venezia Giulia\u00a0 (v. Giuseppe Radole, \u201cI musicisti e la poesia di Marin, CSBM e comune di Grado editori, 1991). \u00a0 <strong>ES<\/strong><\/p>\n<p><strong><a href=\"http:\/\/www.biagiomarin.it\/home\/wp-content\/uploads\/2011\/04\/gradese-madreperla-in-siel.jpg\"><img loading=\"lazy\" decoding=\"async\" class=\"aligncenter size-large wp-image-933\" title=\"gradese madreperla in siel\" src=\"http:\/\/www.biagiomarin.it\/home\/wp-content\/uploads\/2011\/04\/gradese-madreperla-in-siel-877x1024.jpg\" alt=\"\" width=\"640\" height=\"747\" srcset=\"https:\/\/www.biagiomarin.it\/home\/wp-content\/uploads\/2011\/04\/gradese-madreperla-in-siel-877x1024.jpg 877w, https:\/\/www.biagiomarin.it\/home\/wp-content\/uploads\/2011\/04\/gradese-madreperla-in-siel-256x300.jpg 256w, https:\/\/www.biagiomarin.it\/home\/wp-content\/uploads\/2011\/04\/gradese-madreperla-in-siel.jpg 1625w\" sizes=\"auto, (max-width: 640px) 100vw, 640px\" \/><\/a><br \/>\n<\/strong><\/p>\n<p>La poesia citata \u00e8 inserita nella silloge della &#8220;Senere colde&#8221;, (1953), 1957). Qui:<strong> <\/strong><\/p>\n<p><strong><a href=\"http:\/\/www.biagiomarin.it\/home\/wp-content\/uploads\/2011\/04\/de-madreperle-in-ciel.jpg\"><img loading=\"lazy\" decoding=\"async\" class=\"aligncenter size-large wp-image-946\" title=\"de madreperle in ciel\" src=\"http:\/\/www.biagiomarin.it\/home\/wp-content\/uploads\/2011\/04\/de-madreperle-in-ciel-e1302647118183-791x1024.jpg\" alt=\"\" width=\"640\" height=\"828\" srcset=\"https:\/\/www.biagiomarin.it\/home\/wp-content\/uploads\/2011\/04\/de-madreperle-in-ciel-e1302647118183-791x1024.jpg 791w, https:\/\/www.biagiomarin.it\/home\/wp-content\/uploads\/2011\/04\/de-madreperle-in-ciel-e1302647118183-231x300.jpg 231w, https:\/\/www.biagiomarin.it\/home\/wp-content\/uploads\/2011\/04\/de-madreperle-in-ciel-e1302647118183.jpg 1241w\" sizes=\"auto, (max-width: 640px) 100vw, 640px\" \/><\/a><br \/>\n<\/strong><\/p>\n","protected":false},"excerpt":{"rendered":"<p>Dello stesso editore SVSB nel 2010 \u00e8 anche edito il volumetto di poesie in italiano: \u201cI mesi dell&#8217;anno, dodici inediti, gi\u00e0 pubblicate a Trieste dall&#8217;ALUT nel 1961, in edizione fuori commercio. Quella del 2010 \u00e8 edizione d&#8217;arte, si pu\u00f2 dirla &hellip; <a href=\"https:\/\/www.biagiomarin.it\/home\/altre-pubblicazioni\/svsb-edizione-de-i-mesi-dellanno-2010\/\">Continua a leggere<span class=\"meta-nav\">&rarr;<\/span><\/a><\/p>\n","protected":false},"author":4,"featured_media":0,"comment_status":"open","ping_status":"open","sticky":false,"template":"","format":"standard","meta":{"footnotes":""},"categories":[19],"tags":[],"class_list":["post-930","post","type-post","status-publish","format-standard","hentry","category-altre-pubblicazioni"],"_links":{"self":[{"href":"https:\/\/www.biagiomarin.it\/home\/wp-json\/wp\/v2\/posts\/930","targetHints":{"allow":["GET"]}}],"collection":[{"href":"https:\/\/www.biagiomarin.it\/home\/wp-json\/wp\/v2\/posts"}],"about":[{"href":"https:\/\/www.biagiomarin.it\/home\/wp-json\/wp\/v2\/types\/post"}],"author":[{"embeddable":true,"href":"https:\/\/www.biagiomarin.it\/home\/wp-json\/wp\/v2\/users\/4"}],"replies":[{"embeddable":true,"href":"https:\/\/www.biagiomarin.it\/home\/wp-json\/wp\/v2\/comments?post=930"}],"version-history":[{"count":7,"href":"https:\/\/www.biagiomarin.it\/home\/wp-json\/wp\/v2\/posts\/930\/revisions"}],"predecessor-version":[{"id":949,"href":"https:\/\/www.biagiomarin.it\/home\/wp-json\/wp\/v2\/posts\/930\/revisions\/949"}],"wp:attachment":[{"href":"https:\/\/www.biagiomarin.it\/home\/wp-json\/wp\/v2\/media?parent=930"}],"wp:term":[{"taxonomy":"category","embeddable":true,"href":"https:\/\/www.biagiomarin.it\/home\/wp-json\/wp\/v2\/categories?post=930"},{"taxonomy":"post_tag","embeddable":true,"href":"https:\/\/www.biagiomarin.it\/home\/wp-json\/wp\/v2\/tags?post=930"}],"curies":[{"name":"wp","href":"https:\/\/api.w.org\/{rel}","templated":true}]}}