{"id":712,"date":"2010-09-14T02:02:26","date_gmt":"2010-09-14T00:02:26","guid":{"rendered":"http:\/\/www.biagiomarin.it\/home\/?p=712"},"modified":"2010-09-14T02:06:20","modified_gmt":"2010-09-14T00:06:20","slug":"dialogo-al-confine-in-concerto","status":"publish","type":"post","link":"https:\/\/www.biagiomarin.it\/home\/eventi\/dialogo-al-confine-in-concerto\/","title":{"rendered":"&#8220;Dialogo al confine&#8221; in concerto"},"content":{"rendered":"<p><span style=\"font-size: medium;\"><span style=\"color: #000000;\"> <\/span><span style=\"color: #000000;\">L&#8217;Associazione Culturale &#8220;Musica Viva&#8221; di Grado nel suo programma di <\/span><span style=\"color: #000000;\"><em><strong>Musica a<\/strong><\/em><\/span><span style=\"color: #000000;\"> <\/span><span style=\"color: #000000;\"><em><strong>quattro stelle<\/strong><\/em><\/span><span style=\"color: #000000;\">, per il 2010, ha inserito il concerto &#8220;<\/span><span style=\"color: #000000;\"><em><strong>Marin l&#8217;italiano<\/strong><\/em><\/span><span style=\"color: #000000;\">&#8221; con sottotitolo\u00a0 &#8220;la prosa di Biagio Marin e la musica di confine&#8221;. Luned\u00ec sei settembre alle ore 21.00, nella Basilica di Santa Eufemia di Grado, si \u00e8 svolta una serata di eccezionale qualit\u00e0 con la lettura dei passi del carteggio Gino Brazzoduro-Biagio Marin, di recente edito dal CSBM, a cura di Pericle Camuffo, con il titolo &#8220;<\/span><span style=\"color: #000000;\"><em><strong>Dialogo al confine<\/strong><\/em><\/span><span style=\"color: #000000;\">&#8220;, cui si sono alternati i brani dei musicisti triestini del Novecento: Czerwenka, Zafred, Viozzi, Bugamelli,  Visnovitz, Merk\u00f9, Coral, eseguiti al pianoforte da Mariarosa Pozzi. Mario Milosa con limpida, misurata tensione ha letto i passi dalle lettere di Marin e di Brazzoduro scelti da Edda Serra, che ha introdotto il concerto.<\/span><\/span><\/p>\n<p><span style=\"font-size: medium;\"><span style=\"color: #000000;\">Dalla collaborazione del CSBM con il maestro Giorgio Tortora si \u00e8 realizzato un incontro con il pubblico di alto valore artistico e civile, decisamente attuale.<\/span><\/span><\/p>\n<p><a style=\"margin: 12px auto 6px auto; font-family: Helvetica,Arial,Sans-serif; font-style: normal; font-variant: normal; font-weight: normal; font-size: 14px; line-height: normal; font-size-adjust: none; font-stretch: normal; -x-system-font: none; display: block; text-decoration: underline;\" title=\"View \" href=\"http:\/\/www.scribd.com\/doc\/37380053\/Dialogo-al-confine-in-concerto\">Letture e brani<\/a> <object id=\"doc_334168285012742\" style=\"outline: none;\" classid=\"clsid:d27cdb6e-ae6d-11cf-96b8-444553540000\" width=\"100%\" height=\"600\" codebase=\"http:\/\/download.macromedia.com\/pub\/shockwave\/cabs\/flash\/swflash.cab#version=6,0,40,0\"><param name=\"name\" value=\"doc_334168285012742\" \/><param name=\"data\" value=\"http:\/\/d1.scribdassets.com\/ScribdViewer.swf\" \/><param name=\"wmode\" value=\"opaque\" \/><param name=\"bgcolor\" value=\"#ffffff\" \/><param name=\"allowFullScreen\" value=\"true\" \/><param name=\"allowScriptAccess\" value=\"always\" \/><param name=\"FlashVars\" value=\"document_id=37380053&amp;access_key=key-6pcpsnk2ycg1qx38uq8&amp;page=1&amp;viewMode=book\" \/><param name=\"src\" value=\"http:\/\/d1.scribdassets.com\/ScribdViewer.swf\" \/><param name=\"allowfullscreen\" value=\"true\" \/><embed id=\"doc_334168285012742\" style=\"outline: none;\" type=\"application\/x-shockwave-flash\" width=\"100%\" height=\"600\" src=\"http:\/\/d1.scribdassets.com\/ScribdViewer.swf\" flashvars=\"document_id=37380053&amp;access_key=key-6pcpsnk2ycg1qx38uq8&amp;page=1&amp;viewMode=book\" allowscriptaccess=\"always\" allowfullscreen=\"true\" bgcolor=\"#ffffff\" wmode=\"opaque\" data=\"http:\/\/d1.scribdassets.com\/ScribdViewer.swf\" name=\"doc_334168285012742\"><\/embed><\/object><\/p>\n","protected":false},"excerpt":{"rendered":"<p>L&#8217;Associazione Culturale &#8220;Musica Viva&#8221; di Grado nel suo programma di Musica a quattro stelle, per il 2010, ha inserito il concerto &#8220;Marin l&#8217;italiano&#8221; con sottotitolo\u00a0 &#8220;la prosa di Biagio Marin e la musica di confine&#8221;. Luned\u00ec sei settembre alle ore &hellip; <a href=\"https:\/\/www.biagiomarin.it\/home\/eventi\/dialogo-al-confine-in-concerto\/\">Continua a leggere<span class=\"meta-nav\">&rarr;<\/span><\/a><\/p>\n","protected":false},"author":4,"featured_media":0,"comment_status":"open","ping_status":"open","sticky":false,"template":"","format":"standard","meta":{"footnotes":""},"categories":[4],"tags":[],"class_list":["post-712","post","type-post","status-publish","format-standard","hentry","category-eventi"],"_links":{"self":[{"href":"https:\/\/www.biagiomarin.it\/home\/wp-json\/wp\/v2\/posts\/712","targetHints":{"allow":["GET"]}}],"collection":[{"href":"https:\/\/www.biagiomarin.it\/home\/wp-json\/wp\/v2\/posts"}],"about":[{"href":"https:\/\/www.biagiomarin.it\/home\/wp-json\/wp\/v2\/types\/post"}],"author":[{"embeddable":true,"href":"https:\/\/www.biagiomarin.it\/home\/wp-json\/wp\/v2\/users\/4"}],"replies":[{"embeddable":true,"href":"https:\/\/www.biagiomarin.it\/home\/wp-json\/wp\/v2\/comments?post=712"}],"version-history":[{"count":8,"href":"https:\/\/www.biagiomarin.it\/home\/wp-json\/wp\/v2\/posts\/712\/revisions"}],"predecessor-version":[{"id":718,"href":"https:\/\/www.biagiomarin.it\/home\/wp-json\/wp\/v2\/posts\/712\/revisions\/718"}],"wp:attachment":[{"href":"https:\/\/www.biagiomarin.it\/home\/wp-json\/wp\/v2\/media?parent=712"}],"wp:term":[{"taxonomy":"category","embeddable":true,"href":"https:\/\/www.biagiomarin.it\/home\/wp-json\/wp\/v2\/categories?post=712"},{"taxonomy":"post_tag","embeddable":true,"href":"https:\/\/www.biagiomarin.it\/home\/wp-json\/wp\/v2\/tags?post=712"}],"curies":[{"name":"wp","href":"https:\/\/api.w.org\/{rel}","templated":true}]}}