{"id":2745,"date":"2017-10-10T14:57:59","date_gmt":"2017-10-10T12:57:59","guid":{"rendered":"http:\/\/www.biagiomarin.it\/home\/?p=2745"},"modified":"2017-11-27T15:00:52","modified_gmt":"2017-11-27T13:00:52","slug":"vele-dautore-5-6-ott-17","status":"publish","type":"post","link":"https:\/\/www.biagiomarin.it\/home\/eventi\/vele-dautore-5-6-ott-17\/","title":{"rendered":"Vele d&#8217;autore nell&#8217;Adriatico Orientale (Trieste, 5-6 ottobre 17)"},"content":{"rendered":"<p><a href=\"http:\/\/www.biagiomarin.it\/home\/wp-content\/uploads\/2017\/11\/Vele-dautore-01.jpg\"><img loading=\"lazy\" decoding=\"async\" class=\"aligncenter size-large wp-image-2746\" src=\"http:\/\/www.biagiomarin.it\/home\/wp-content\/uploads\/2017\/11\/Vele-dautore-01-732x1024.jpg\" alt=\"\" width=\"640\" height=\"895\" srcset=\"https:\/\/www.biagiomarin.it\/home\/wp-content\/uploads\/2017\/11\/Vele-dautore-01-732x1024.jpg 732w, https:\/\/www.biagiomarin.it\/home\/wp-content\/uploads\/2017\/11\/Vele-dautore-01-214x300.jpg 214w, https:\/\/www.biagiomarin.it\/home\/wp-content\/uploads\/2017\/11\/Vele-dautore-01-768x1075.jpg 768w, https:\/\/www.biagiomarin.it\/home\/wp-content\/uploads\/2017\/11\/Vele-dautore-01.jpg 1182w\" sizes=\"auto, (max-width: 640px) 100vw, 640px\" \/><\/a>Affollata la regata velica internazionale che richiama a Trieste migliaia di barche da tutto il mondo ai primi di ottobre.<br \/>\nAffollato anche il convegno organizzato dall&#8217;IRCI e dall&#8217;Universit\u00e0 degli Studi di Trieste con il titolo di &#8220;Vele d&#8217;autore nell&#8217;Adriatico orientale&#8221;, che hanno fatto navigare sul ritmo dei versi o delle narrazioni un centinaio di relatori sul tema della navigazione a vela fra Grado e Dulcigno, citt\u00e0 del Montenegro, e oltre.<br \/>\nMolto bella \u00e8 stata la scoperta che i relatori sulla navigazione di Biagio Marin sono stati ben 4, di cui una proveniente da Augusta (Germania). Si tratta dell&#8217;italianista Biasiolo che insegna appunto all&#8217;Universit\u00e0 di Ausburg. \u00c8 giusto che la vela di Marin abbia spazi immensi, lui che apre i suoi <em>Canti <\/em>con un ricordo dell&#8217;immediato ieri <em>E<\/em><em> &#8216;ndeveno cuss\u00ec le vele al vento.\u00a0 <\/em>Tutto un mondo adriatico per 5 secoli di storia \u00e8 emerso con i suoi poeti e i suoi navigatori. <strong>ES<\/strong><\/p>\n<p>Di seguito i nomi dei relatori con i titoli delle relazioni riguardanti Biagio Marin:<\/p>\n<p><strong>Ilvano Caliaro<\/strong> (Universit\u00e0 di Udine),<em> Immagini dell&#8217;Adriatico in Biagio Marin<br \/>\n<\/em><strong>Monica Biasiolo<\/strong> (Universit\u00e0 di Augusta),<em> A vele spiegate, superando il confine. Biagio Marin (1891 &#8211; 1985) tra astrazione e sensualit\u00e0 lirica.<br \/>\n<\/em><strong>Gianni Cimador<\/strong> (Universit\u00e0 degli Studi di Trieste), &#8220;<em>Gi\u00e0 il trabaccolo s&#8217;era rivelato un mondo&#8221;: l&#8217;Istria di Biagio Marin tra realt\u00e0 e mito.<\/em><br \/>\n<strong>Edda Serra<\/strong> (Centro Studi Biagio Marin, Grado), <em>&#8220;E &#8216;ndeveno cuss\u00ec le vele al vento&#8221;.<\/em><\/p>\n<p>Un ricordo corale del convegno:<\/p>\n<p><a href=\"http:\/\/www.biagiomarin.it\/home\/wp-content\/uploads\/2017\/11\/DSC_0229.jpg\"><img loading=\"lazy\" decoding=\"async\" class=\"aligncenter size-large wp-image-2747\" src=\"http:\/\/www.biagiomarin.it\/home\/wp-content\/uploads\/2017\/11\/DSC_0229-1024x683.jpg\" alt=\"\" width=\"640\" height=\"427\" srcset=\"https:\/\/www.biagiomarin.it\/home\/wp-content\/uploads\/2017\/11\/DSC_0229-1024x683.jpg 1024w, https:\/\/www.biagiomarin.it\/home\/wp-content\/uploads\/2017\/11\/DSC_0229-300x200.jpg 300w, https:\/\/www.biagiomarin.it\/home\/wp-content\/uploads\/2017\/11\/DSC_0229-768x512.jpg 768w\" sizes=\"auto, (max-width: 640px) 100vw, 640px\" \/><\/a><\/p>\n","protected":false},"excerpt":{"rendered":"<p>Affollata la regata velica internazionale che richiama a Trieste migliaia di barche da tutto il mondo ai primi di ottobre. Affollato anche il convegno organizzato dall&#8217;IRCI e dall&#8217;Universit\u00e0 degli Studi di Trieste con il titolo di &#8220;Vele d&#8217;autore nell&#8217;Adriatico orientale&#8221;, &hellip; <a href=\"https:\/\/www.biagiomarin.it\/home\/eventi\/vele-dautore-5-6-ott-17\/\">Continua a leggere<span class=\"meta-nav\">&rarr;<\/span><\/a><\/p>\n","protected":false},"author":1,"featured_media":0,"comment_status":"open","ping_status":"open","sticky":false,"template":"","format":"standard","meta":{"footnotes":""},"categories":[4],"tags":[],"class_list":["post-2745","post","type-post","status-publish","format-standard","hentry","category-eventi"],"_links":{"self":[{"href":"https:\/\/www.biagiomarin.it\/home\/wp-json\/wp\/v2\/posts\/2745","targetHints":{"allow":["GET"]}}],"collection":[{"href":"https:\/\/www.biagiomarin.it\/home\/wp-json\/wp\/v2\/posts"}],"about":[{"href":"https:\/\/www.biagiomarin.it\/home\/wp-json\/wp\/v2\/types\/post"}],"author":[{"embeddable":true,"href":"https:\/\/www.biagiomarin.it\/home\/wp-json\/wp\/v2\/users\/1"}],"replies":[{"embeddable":true,"href":"https:\/\/www.biagiomarin.it\/home\/wp-json\/wp\/v2\/comments?post=2745"}],"version-history":[{"count":3,"href":"https:\/\/www.biagiomarin.it\/home\/wp-json\/wp\/v2\/posts\/2745\/revisions"}],"predecessor-version":[{"id":2750,"href":"https:\/\/www.biagiomarin.it\/home\/wp-json\/wp\/v2\/posts\/2745\/revisions\/2750"}],"wp:attachment":[{"href":"https:\/\/www.biagiomarin.it\/home\/wp-json\/wp\/v2\/media?parent=2745"}],"wp:term":[{"taxonomy":"category","embeddable":true,"href":"https:\/\/www.biagiomarin.it\/home\/wp-json\/wp\/v2\/categories?post=2745"},{"taxonomy":"post_tag","embeddable":true,"href":"https:\/\/www.biagiomarin.it\/home\/wp-json\/wp\/v2\/tags?post=2745"}],"curies":[{"name":"wp","href":"https:\/\/api.w.org\/{rel}","templated":true}]}}