{"id":273,"date":"2010-07-14T04:45:20","date_gmt":"2010-07-14T02:45:20","guid":{"rendered":"http:\/\/www.biagiomarinblog.francesconano.com\/?p=273"},"modified":"2014-12-03T18:53:44","modified_gmt":"2014-12-03T16:53:44","slug":"studi-mariniani-anno-xvi-n-14-dicembre-2008","status":"publish","type":"post","link":"https:\/\/www.biagiomarin.it\/home\/pubblicazioni-csbm\/studi-mariniani-anno-xvi-n-14-dicembre-2008\/","title":{"rendered":"Studi Mariniani, anno XVI , n.14, dicembre 2008."},"content":{"rendered":"<p style=\"text-align: justify;\">Il volume raccoglie gli atti del convegno &#8220;Interessi e tendenze della ricerca su Biagio Marin&#8221; svolto con successo in una atmosfera di cordiale complicit\u00e0 a Grado in data 26-27 settembre 2008, cui hanno partecipato studiosi di pi\u00f9 matura preparazione e studiosi giovani. L&#8217;attenzione particolare \u00e8 andata al Marin prosatore, cittadino, intellettuale e filosofo\u00a0 (Fulvio Senardi, Pericle Camuffo, Fabio Russo, Marco Bonciani); e all&#8217;uomo di fede e di ricerca del divino(Matteo Vercesi, Pietro Zovatto).<br \/>\nAltri spunti interessanti di ricerca rivolti sempre al prosatore sono di Filippo Secchieri e di Tatiana Rojc, avendo attenzione al libro &#8220;Gorizia&#8221;, e alla scrittura e alla riscrittura di Marin, nonch\u00e8 ai carteggi.<br \/>\nIl poeta emerge nel riscontro di Maria Chiara Tarsi che aveva gi\u00e0 curato per Studi Mariniani il rapporto epistolare tra Marin e Carlo Betocchi.<br \/>\nAspetto rilevante del convegno \u00e8 stata l&#8217;attenzione rivolta alla traduzione e alla ricezione della poesia di Marin in aree distanti: in area francofona (Delphine Gachet, Bourdeaux; Michel Valensi, Parigi) e in Ungheria (Judit J\u00f2zsa).<br \/>\nL&#8217;apertura di Marin al mondo slavo \u00e8 stata documentata da Tatiana Rojc (Trieste) per l&#8217;epistolario con Elena Lokar, e da Zeljko Djuric (Belgrado) per quello con Eros Sequi.<br \/>\nDedicata a un momento della biografia di Marin \u00e8 la ricerca di Marco Giovanetti; al mondo mariniano di contesto quella di Alessandro Scarsella per Manlio Dazzi.<br \/>\nIl convegno che ha assunto orizzonti internazionali ha goduto del sostegno e del bilancio scientifico dei professori Baroni (Cattolica Milano), Gibellini (Venezia), Secchieri (Ferrara), Salimbeni (Udine) e Serra (CSBM).<br \/>\nLa seconda parte del volume dedicata ai documenti presenta un prezioso inedito mariniano dedicato all&#8217;amico Virgilio Giotti, curato da Anna De Simone (E.S.).<\/p>\n<p style=\"text-align: justify;\">Il volume \u00e8 uscito alla fine del 2009.<\/p>\n<p><a style=\"margin: 12px auto 6px auto; font-family: Helvetica,Arial,Sans-serif; font-style: normal; font-variant: normal; font-weight: normal; font-size: 14px; line-height: normal; font-size-adjust: none; font-stretch: normal; -x-system-font: none; display: block; text-decoration: underline;\" title=\"View Copertina e sommario: on Scribd\" href=\"http:\/\/www.scribd.com\/doc\/36901695\/Copertina-e-sommario:\">Copertina e sommario:<\/a> <\/p>\n<p  style=\" margin: 12px auto 6px auto; font-family: Helvetica,Arial,Sans-serif; font-style: normal; font-variant: normal; font-weight: normal; font-size: 14px; line-height: normal; font-size-adjust: none; font-stretch: normal; -x-system-font: none; display: block;\">   <a title=\"View Copertina e sommario di Studi Mariniani on Scribd\" href=\"https:\/\/www.scribd.com\/doc\/36901695\/Copertina-e-sommario-di-Studi-Mariniani\"  style=\"text-decoration: underline;\" >Copertina e sommario di Studi Mariniani<\/a> by <a title=\"View Edda Serra's profile on Scribd\" href=\"https:\/\/www.scribd.com\/edda_serra\"  style=\"text-decoration: underline;\" >Edda Serra<\/a><\/p>\n<p><iframe loading=\"lazy\" class=\"scribd_iframe_embed\" src=\"https:\/\/www.scribd.com\/embeds\/36901695\/content?start_page=1&#038;view_mode=scroll&#038;access_key=key-xrkl5l02wpzxs0ofjnf&#038;show_recommendations=true\" data-auto-height=\"false\" data-aspect-ratio=\"0.75\" scrolling=\"no\" id=\"doc_39970\" width=\"100%\" height=\"600\" frameborder=\"0\"><\/iframe><\/p>\n","protected":false},"excerpt":{"rendered":"<p>Il volume raccoglie gli atti del convegno &#8220;Interessi e tendenze della ricerca su Biagio Marin&#8221; svolto con successo in una atmosfera di cordiale complicit\u00e0 a Grado in data 26-27 settembre 2008, cui hanno partecipato studiosi di pi\u00f9 matura preparazione e &hellip; <a href=\"https:\/\/www.biagiomarin.it\/home\/pubblicazioni-csbm\/studi-mariniani-anno-xvi-n-14-dicembre-2008\/\">Continua a leggere<span class=\"meta-nav\">&rarr;<\/span><\/a><\/p>\n","protected":false},"author":4,"featured_media":0,"comment_status":"open","ping_status":"open","sticky":false,"template":"","format":"standard","meta":{"footnotes":""},"categories":[17],"tags":[],"class_list":["post-273","post","type-post","status-publish","format-standard","hentry","category-pubblicazioni-csbm"],"_links":{"self":[{"href":"https:\/\/www.biagiomarin.it\/home\/wp-json\/wp\/v2\/posts\/273","targetHints":{"allow":["GET"]}}],"collection":[{"href":"https:\/\/www.biagiomarin.it\/home\/wp-json\/wp\/v2\/posts"}],"about":[{"href":"https:\/\/www.biagiomarin.it\/home\/wp-json\/wp\/v2\/types\/post"}],"author":[{"embeddable":true,"href":"https:\/\/www.biagiomarin.it\/home\/wp-json\/wp\/v2\/users\/4"}],"replies":[{"embeddable":true,"href":"https:\/\/www.biagiomarin.it\/home\/wp-json\/wp\/v2\/comments?post=273"}],"version-history":[{"count":6,"href":"https:\/\/www.biagiomarin.it\/home\/wp-json\/wp\/v2\/posts\/273\/revisions"}],"predecessor-version":[{"id":2121,"href":"https:\/\/www.biagiomarin.it\/home\/wp-json\/wp\/v2\/posts\/273\/revisions\/2121"}],"wp:attachment":[{"href":"https:\/\/www.biagiomarin.it\/home\/wp-json\/wp\/v2\/media?parent=273"}],"wp:term":[{"taxonomy":"category","embeddable":true,"href":"https:\/\/www.biagiomarin.it\/home\/wp-json\/wp\/v2\/categories?post=273"},{"taxonomy":"post_tag","embeddable":true,"href":"https:\/\/www.biagiomarin.it\/home\/wp-json\/wp\/v2\/tags?post=273"}],"curies":[{"name":"wp","href":"https:\/\/api.w.org\/{rel}","templated":true}]}}