{"id":2660,"date":"2017-08-19T12:48:16","date_gmt":"2017-08-19T10:48:16","guid":{"rendered":"http:\/\/www.biagiomarin.it\/home\/?p=2660"},"modified":"2017-09-19T12:59:18","modified_gmt":"2017-09-19T10:59:18","slug":"le-prose-arrabbiate-di-biagio-marin-e-di-manlio-cecovini-23-agosto-2017","status":"publish","type":"post","link":"https:\/\/www.biagiomarin.it\/home\/appuntamenti-eventi\/le-prose-arrabbiate-di-biagio-marin-e-di-manlio-cecovini-23-agosto-2017\/","title":{"rendered":"Le prose arrabbiate di Biagio Marin e di Manlio Cecovini &#8211; 23 agosto 2017"},"content":{"rendered":"<p align=\"JUSTIFY\"><span style=\"font-size: large;\">ll Centro Studi Biagio Marin ripropone al pubblico di Grado l&#8217; occasione dell&#8217; analisi del mondo mariniano e dei suoi personaggi. Fra i tanti spicca nell&#8217; ambito di una esperienza fondamentalmente politica e civile, la figura di <b>Manlio Cecovini<\/b>, protagonista importante della storia triestina e giuliana, di una generazione pi\u00f9 giovane di Marin, con cui ha avuto intenso dialogo sia al Circolo della Cultura e delle Arti, sia nell&#8217;azione politica in ambito liberale, ma anche sul piano poetico e letterario. Perch\u00e8 Manlio Cecovini, ricordato oggi prevalentemente in quanto fondatore del Movimento per Trieste, o come sindaco e come deputato europeo, \u00e8 stato di suo anche scrittore, ammirato soprattutto per i ricordi della seconda guerra mondiale, e come saggista impegnato nella valutazione critica del nostro patrimonio culturale e letterario. E di Biagio Marin ha scritto, curando fra l&#8217; altro la pubblicazione delle poesie in italiano e del carteggio \u201escazonte\u201d. <\/span><\/p>\n<p align=\"JUSTIFY\"><span style=\"font-size: large;\">Mercoled\u00ec sera 23 agosto 2017 sulla terrazza della Biblioteca Civica Falco Marin alle ore 20 e 40 nell&#8217; ambito delle serate organizzate sotto l&#8217; egida della Biblioteca \u201e<b>Metti una sera d&#8217;estate sotto le stelle<\/b>\u201d a parlarne sar\u00e0 <b>Nino Gregori<\/b>, gi\u00e0 noto per la sua ricerca storica pertinente la regione, di cui ha dato testimonianza in due opere in particolare, \u201eBiagio Marin ai Gradesi\u201d e \u201eMarin caro a Trieste\u201d, oltre beninteso le opere di testimonianza diretta della sua esperienza personale di presidente dell&#8217; Azienda di Soggiorno di Grado e di dirigente.<\/span><\/p>\n<p align=\"JUSTIFY\"><span style=\"font-size: large;\">Nino Gregori ci guider\u00e0 lungo le tracce fondamentali del dialogo tra Cecovini e Marin, tra queste quelle riguardanti la scuola della regione nel passaggio dall&#8217; amministrazione asburgica a quella nazionale italiana e sulla dolorosa condanna condivisa della mancanza di coscienza civile della nazione italiana. Uomini di frontiera ambedue, una cosa li divide, ed \u00e0 generazionale, la necessit\u00e0 per Marin della visione unitaria dei problemi e delle cose, che non \u00e8 solo politica, ma filosofica.<\/span><\/p>\n<p align=\"JUSTIFY\"><span style=\"font-size: large;\">In margine la copertina di un libro dedicato a Manlio Cecovini con il suo ritratto (2004). <strong>ES<\/strong><\/span><\/p>\n<p><a href=\"http:\/\/www.biagiomarin.it\/home\/wp-content\/uploads\/2017\/08\/Cecovini-90-anni-sett-17.jpeg\"><img loading=\"lazy\" decoding=\"async\" class=\"aligncenter size-large wp-image-2662\" src=\"http:\/\/www.biagiomarin.it\/home\/wp-content\/uploads\/2017\/08\/Cecovini-90-anni-sett-17-601x1024.jpeg\" alt=\"\" width=\"601\" height=\"1024\" srcset=\"https:\/\/www.biagiomarin.it\/home\/wp-content\/uploads\/2017\/08\/Cecovini-90-anni-sett-17-601x1024.jpeg 601w, https:\/\/www.biagiomarin.it\/home\/wp-content\/uploads\/2017\/08\/Cecovini-90-anni-sett-17-176x300.jpeg 176w, https:\/\/www.biagiomarin.it\/home\/wp-content\/uploads\/2017\/08\/Cecovini-90-anni-sett-17-768x1309.jpeg 768w\" sizes=\"auto, (max-width: 601px) 100vw, 601px\" \/><\/a><\/p>\n","protected":false},"excerpt":{"rendered":"<p>ll Centro Studi Biagio Marin ripropone al pubblico di Grado l&#8217; occasione dell&#8217; analisi del mondo mariniano e dei suoi personaggi. Fra i tanti spicca nell&#8217; ambito di una esperienza fondamentalmente politica e civile, la figura di Manlio Cecovini, protagonista &hellip; <a href=\"https:\/\/www.biagiomarin.it\/home\/appuntamenti-eventi\/le-prose-arrabbiate-di-biagio-marin-e-di-manlio-cecovini-23-agosto-2017\/\">Continua a leggere<span class=\"meta-nav\">&rarr;<\/span><\/a><\/p>\n","protected":false},"author":1,"featured_media":0,"comment_status":"open","ping_status":"open","sticky":false,"template":"","format":"standard","meta":{"footnotes":""},"categories":[15],"tags":[],"class_list":["post-2660","post","type-post","status-publish","format-standard","hentry","category-appuntamenti-eventi"],"_links":{"self":[{"href":"https:\/\/www.biagiomarin.it\/home\/wp-json\/wp\/v2\/posts\/2660","targetHints":{"allow":["GET"]}}],"collection":[{"href":"https:\/\/www.biagiomarin.it\/home\/wp-json\/wp\/v2\/posts"}],"about":[{"href":"https:\/\/www.biagiomarin.it\/home\/wp-json\/wp\/v2\/types\/post"}],"author":[{"embeddable":true,"href":"https:\/\/www.biagiomarin.it\/home\/wp-json\/wp\/v2\/users\/1"}],"replies":[{"embeddable":true,"href":"https:\/\/www.biagiomarin.it\/home\/wp-json\/wp\/v2\/comments?post=2660"}],"version-history":[{"count":3,"href":"https:\/\/www.biagiomarin.it\/home\/wp-json\/wp\/v2\/posts\/2660\/revisions"}],"predecessor-version":[{"id":2664,"href":"https:\/\/www.biagiomarin.it\/home\/wp-json\/wp\/v2\/posts\/2660\/revisions\/2664"}],"wp:attachment":[{"href":"https:\/\/www.biagiomarin.it\/home\/wp-json\/wp\/v2\/media?parent=2660"}],"wp:term":[{"taxonomy":"category","embeddable":true,"href":"https:\/\/www.biagiomarin.it\/home\/wp-json\/wp\/v2\/categories?post=2660"},{"taxonomy":"post_tag","embeddable":true,"href":"https:\/\/www.biagiomarin.it\/home\/wp-json\/wp\/v2\/tags?post=2660"}],"curies":[{"name":"wp","href":"https:\/\/api.w.org\/{rel}","templated":true}]}}