{"id":2653,"date":"2017-09-04T12:18:57","date_gmt":"2017-09-04T10:18:57","guid":{"rendered":"http:\/\/www.biagiomarin.it\/home\/?p=2653"},"modified":"2017-10-03T19:21:49","modified_gmt":"2017-10-03T17:21:49","slug":"franco-loi-e-le-sue-ultime-voci-di-un-vecchio-cantare-6-sett-2017","status":"publish","type":"post","link":"https:\/\/www.biagiomarin.it\/home\/appuntamenti-eventi\/franco-loi-e-le-sue-ultime-voci-di-un-vecchio-cantare-6-sett-2017\/","title":{"rendered":"Franco Loi e le sue ultime: Voci di un vecchio cantare &#8211; 6 sett 2017"},"content":{"rendered":"<p><a href=\"http:\/\/www.biagiomarin.it\/home\/wp-content\/uploads\/2017\/09\/Franco-LOi-Voci-Gra.jpeg\"><img loading=\"lazy\" decoding=\"async\" class=\"aligncenter wp-image-2654 size-large\" src=\"http:\/\/www.biagiomarin.it\/home\/wp-content\/uploads\/2017\/09\/Franco-LOi-Voci-Gra-692x1024.jpeg\" alt=\"\" width=\"640\" height=\"947\" srcset=\"https:\/\/www.biagiomarin.it\/home\/wp-content\/uploads\/2017\/09\/Franco-LOi-Voci-Gra-692x1024.jpeg 692w, https:\/\/www.biagiomarin.it\/home\/wp-content\/uploads\/2017\/09\/Franco-LOi-Voci-Gra-203x300.jpeg 203w, https:\/\/www.biagiomarin.it\/home\/wp-content\/uploads\/2017\/09\/Franco-LOi-Voci-Gra-768x1136.jpeg 768w\" sizes=\"auto, (max-width: 640px) 100vw, 640px\" \/><\/a><\/p>\n<p><span style=\"font-size: medium;\"><span style=\"color: #000000;\">Di Franco Loi, il poeta rivelatore della dimensione lirica della \u201csua\u201d citt\u00e0, la Milano di oggi, nel suo dialetto, si parler\u00e0 domani mercoled\u00ec 6 settembre alle 20:45 nella Biblioteca Civica Falco Marin di Grado, nell\u2019ambito degli incontri del programma della Biblioteca stessa \u201c Metti una sera d\u2019estate sotto le stelle\u201d , e delle proposte del Centro Studi Biagio Marin.<\/span><\/span><\/p>\n<p><span style=\"font-size: medium;\"><span style=\"color: #000000;\">Tema dell\u2019incontro \u00e8 l\u2019ultimo volume di poesie di Franco Loi, scelte e curate da Anna De Simone che vi premette un saggio, e pubblicate nelle Edizioni del Ponte del Sale (2017).<\/span><\/span><\/p>\n<p><span style=\"font-size: medium;\"><span style=\"color: #000000;\">Franco Loi ed Anna De Simone sono nomi ben noti a Grado, a causa del Premio Marin e delle amicizie attestate dalle <\/span><span style=\"color: #000000;\"><i>Lettere Loi-Marin <\/i><\/span><span style=\"color: #000000;\">pubblicate nei Quaderni del CSBM ( 2016) nonch\u00e9 dall\u2019assegnazione a Loi stesso del Premio Marin , il primo; e per l\u2019attivit\u00e0 critica e divulgativa la seconda, autrice tra l\u2019altro de<\/span><span style=\"color: #000000;\"><i> L\u2019Isola Marin <\/i><\/span><span style=\"color: #000000;\">(1992).<\/span><\/span><\/p>\n<p><span style=\"font-size: medium;\"><span style=\"color: #000000;\">Il discorso di presentazione sar\u00e0 di Edda Serra, coadiuvata nella lettura del testo dialettale da Sergio Solenghi, del Teatro dei Rabdomanti di Milano, invitato a Grado per l\u2019occasione: l\u2019incontro \u00e8 di particolare rilievo per la cittadinanza e per gli Ospiti. <strong>ES<\/strong><br \/>\n<\/span><\/span><\/p>\n","protected":false},"excerpt":{"rendered":"<p>Di Franco Loi, il poeta rivelatore della dimensione lirica della \u201csua\u201d citt\u00e0, la Milano di oggi, nel suo dialetto, si parler\u00e0 domani mercoled\u00ec 6 settembre alle 20:45 nella Biblioteca Civica Falco Marin di Grado, nell\u2019ambito degli incontri del programma della &hellip; <a href=\"https:\/\/www.biagiomarin.it\/home\/appuntamenti-eventi\/franco-loi-e-le-sue-ultime-voci-di-un-vecchio-cantare-6-sett-2017\/\">Continua a leggere<span class=\"meta-nav\">&rarr;<\/span><\/a><\/p>\n","protected":false},"author":1,"featured_media":0,"comment_status":"open","ping_status":"open","sticky":false,"template":"","format":"standard","meta":{"footnotes":""},"categories":[15],"tags":[],"class_list":["post-2653","post","type-post","status-publish","format-standard","hentry","category-appuntamenti-eventi"],"_links":{"self":[{"href":"https:\/\/www.biagiomarin.it\/home\/wp-json\/wp\/v2\/posts\/2653","targetHints":{"allow":["GET"]}}],"collection":[{"href":"https:\/\/www.biagiomarin.it\/home\/wp-json\/wp\/v2\/posts"}],"about":[{"href":"https:\/\/www.biagiomarin.it\/home\/wp-json\/wp\/v2\/types\/post"}],"author":[{"embeddable":true,"href":"https:\/\/www.biagiomarin.it\/home\/wp-json\/wp\/v2\/users\/1"}],"replies":[{"embeddable":true,"href":"https:\/\/www.biagiomarin.it\/home\/wp-json\/wp\/v2\/comments?post=2653"}],"version-history":[{"count":5,"href":"https:\/\/www.biagiomarin.it\/home\/wp-json\/wp\/v2\/posts\/2653\/revisions"}],"predecessor-version":[{"id":2724,"href":"https:\/\/www.biagiomarin.it\/home\/wp-json\/wp\/v2\/posts\/2653\/revisions\/2724"}],"wp:attachment":[{"href":"https:\/\/www.biagiomarin.it\/home\/wp-json\/wp\/v2\/media?parent=2653"}],"wp:term":[{"taxonomy":"category","embeddable":true,"href":"https:\/\/www.biagiomarin.it\/home\/wp-json\/wp\/v2\/categories?post=2653"},{"taxonomy":"post_tag","embeddable":true,"href":"https:\/\/www.biagiomarin.it\/home\/wp-json\/wp\/v2\/tags?post=2653"}],"curies":[{"name":"wp","href":"https:\/\/api.w.org\/{rel}","templated":true}]}}