{"id":2643,"date":"2017-07-26T18:55:39","date_gmt":"2017-07-26T16:55:39","guid":{"rendered":"http:\/\/www.biagiomarin.it\/home\/?p=2643"},"modified":"2017-10-09T19:32:16","modified_gmt":"2017-10-09T17:32:16","slug":"estate-cultura-2017-incontri-di-cortina","status":"publish","type":"post","link":"https:\/\/www.biagiomarin.it\/home\/appuntamenti-eventi\/estate-cultura-2017-incontri-di-cortina\/","title":{"rendered":"Estate Cultura 2017 &#8211; Incontri di Cortina"},"content":{"rendered":"<p><a href=\"http:\/\/www.biagiomarin.it\/home\/wp-content\/uploads\/2017\/09\/1.jpg\"><img loading=\"lazy\" decoding=\"async\" class=\"aligncenter size-large wp-image-2644\" src=\"http:\/\/www.biagiomarin.it\/home\/wp-content\/uploads\/2017\/09\/1-704x1024.jpg\" alt=\"\" width=\"640\" height=\"931\" srcset=\"https:\/\/www.biagiomarin.it\/home\/wp-content\/uploads\/2017\/09\/1-704x1024.jpg 704w, https:\/\/www.biagiomarin.it\/home\/wp-content\/uploads\/2017\/09\/1-206x300.jpg 206w, https:\/\/www.biagiomarin.it\/home\/wp-content\/uploads\/2017\/09\/1-768x1117.jpg 768w\" sizes=\"auto, (max-width: 640px) 100vw, 640px\" \/><\/a><a href=\"http:\/\/www.biagiomarin.it\/home\/wp-content\/uploads\/2017\/09\/locandina-estate-1.jpg\"><img loading=\"lazy\" decoding=\"async\" class=\"aligncenter size-large wp-image-2647\" src=\"http:\/\/www.biagiomarin.it\/home\/wp-content\/uploads\/2017\/09\/locandina-estate-1-724x1024.jpg\" alt=\"\" width=\"640\" height=\"905\" srcset=\"https:\/\/www.biagiomarin.it\/home\/wp-content\/uploads\/2017\/09\/locandina-estate-1-724x1024.jpg 724w, https:\/\/www.biagiomarin.it\/home\/wp-content\/uploads\/2017\/09\/locandina-estate-1-212x300.jpg 212w, https:\/\/www.biagiomarin.it\/home\/wp-content\/uploads\/2017\/09\/locandina-estate-1-768x1086.jpg 768w\" sizes=\"auto, (max-width: 640px) 100vw, 640px\" \/><\/a><\/p>\n<p>Anche quest&#8217;anno il Centro Studi Biagio Marin di Grado si presenta a Cortina d&#8217; Ampezzo con tre proposte di incontro.<\/p>\n<p>Marted\u00ec 1 agosto verr\u00e0 presentato il dialogo tra il poeta di Grado con il poeta Adriano Guerrini, poeta a sua volta e intellettuale, che conferma i rapporti tutt&#8217;altro che sporadici tra due golfi, quello di Trieste e quello di Genova, se vogliamo tra due mari, ed un confronto, se non altro nel nome della rivista \u201cResine\u201d. Un dialogo che fa rete, e produce, ed opera e mette in relazione la nostra poesia anche all&#8217;estero , e vede protagonista il giovane editore Giorgio Devoto nel nome di una piccola casa editrice, San Marco dei Giustiniani, in cui pubblica tante gemme della poesia del Novecento. A parlarne sar\u00e0 con Edda Serra l&#8217; autrice della ricerca, Francesca Sardanelli, che richiamando l&#8217; attenzione su Adriano Guerrini, ne ha fatto tesi di laurea magistrale encomiabile.<\/p>\n<p>Il secondo incontro di gioved\u00ec 3 agosto \u00e8 riservato alla <i>scrittura di Marin nei suoi Diari<\/i>, di un altro dei quali, pertinente gli anni 1950-1951, si annuncia imminente la pubblicazione a cura di Ilenia Marin con il titolo estemporaneo di <i>La grande<\/i> <i>avventura<\/i>. A parlarne sar\u00e0 la prof. Cristina Benussi, professore di letteratura italiana moderna e contemporanea dell&#8217;Universit\u00e0 di Trieste, nonch\u00e9 prorettore, che si dichiara affascinata da Marin intellettuale; di lei del resto studiosa della letteratura di genere, ricordiamo il saggio sul carteggio tra Marin e il fiumano Paolo Santarcangeli, e la fedelt\u00e0 della sua presenza a Cortina a parlare per il CSBM di cose mariniane o giuliane.<\/p>\n<p>A occasione verr\u00e0 presentato il numero 6 dei Quaderni del CSBM, appena pubblicato da Fabrizio Serra editore in Pisa e Roma, <i>Il bauletto di Pina Marini<\/i>, autore Renzo Sanson, che a Cortina ha a suo tempo presentato il carteggio Magris \u2013 Marin. Renzo Sanson ci d\u00e0 il primo ragguaglio del tesoro della corrispondenza conservata da Giuseppina Marini dal lontano 1912, anno in cui conosce a Firenze insieme con gli altri triestini della Voce il giovane Marin che diventer\u00e0 il compagno di tutta la sua vita. Ne viene fuori un ritratto di giovane donna ricca della baldanza e della sicurezza dei suoi anni, e una testimonianza antropologica e sociale tutta da valorizzare. Anche questo \u00e8 tesoro donato alla Biblioteca di Grado: si tratta di migliaia di lettere che attendono di essere lette. Una chicca.<\/p>\n<p>L&#8217; ultimo incontro \u00e8 riservato a Franco Loi, il poeta di Milano, che nella sua lingua poetica, il dialetto milanese , ci dice la poesia dell&#8217;esperienza sua e della citt\u00e0; accompagnato al suo Angel, ci ha dato quest&#8217;anno una nuova raccolta di poesie curata da Anna De Simone, preceduta di poco dal carteggio intrattenuto con Biagio Marin, pubblicato nel n.5 dei Quaderni del CSBM , Fabrizio Serra editore, 2016: Franco Loi &#8211; Biagio Marin, <i>Lettere 1981 \u2013 1985: Voci di un vecchio cantare.<\/i> <strong>ES<\/strong><\/p>\n<p><strong>Documenti degli eventi di Estate Cultura a Cortina<\/strong><\/p>\n<p><a href=\"http:\/\/www.biagiomarin.it\/home\/wp-content\/uploads\/2017\/07\/Cortina-3-agosto-2017-26.jpg\"><img loading=\"lazy\" decoding=\"async\" class=\"aligncenter size-large wp-image-2731\" src=\"http:\/\/www.biagiomarin.it\/home\/wp-content\/uploads\/2017\/07\/Cortina-3-agosto-2017-26-1024x576.jpg\" alt=\"\" width=\"640\" height=\"360\" srcset=\"https:\/\/www.biagiomarin.it\/home\/wp-content\/uploads\/2017\/07\/Cortina-3-agosto-2017-26-1024x576.jpg 1024w, https:\/\/www.biagiomarin.it\/home\/wp-content\/uploads\/2017\/07\/Cortina-3-agosto-2017-26-300x169.jpg 300w, https:\/\/www.biagiomarin.it\/home\/wp-content\/uploads\/2017\/07\/Cortina-3-agosto-2017-26-768x432.jpg 768w\" sizes=\"auto, (max-width: 640px) 100vw, 640px\" \/><\/a>Da sinistra Renzo Sanson, Edda Serra al centro, accanto la prof. Cristina Benussi.<\/p>\n<p><a href=\"http:\/\/www.biagiomarin.it\/home\/wp-content\/uploads\/2017\/07\/Comm-Galbiati-Serra-e-Benussi-Cortina-3-agosto-2017-2.jpg\"><img loading=\"lazy\" decoding=\"async\" class=\"aligncenter size-large wp-image-2730\" src=\"http:\/\/www.biagiomarin.it\/home\/wp-content\/uploads\/2017\/07\/Comm-Galbiati-Serra-e-Benussi-Cortina-3-agosto-2017-2-1024x576.jpg\" alt=\"\" width=\"640\" height=\"360\" srcset=\"https:\/\/www.biagiomarin.it\/home\/wp-content\/uploads\/2017\/07\/Comm-Galbiati-Serra-e-Benussi-Cortina-3-agosto-2017-2-1024x576.jpg 1024w, https:\/\/www.biagiomarin.it\/home\/wp-content\/uploads\/2017\/07\/Comm-Galbiati-Serra-e-Benussi-Cortina-3-agosto-2017-2-300x169.jpg 300w, https:\/\/www.biagiomarin.it\/home\/wp-content\/uploads\/2017\/07\/Comm-Galbiati-Serra-e-Benussi-Cortina-3-agosto-2017-2-768x432.jpg 768w\" sizes=\"auto, (max-width: 640px) 100vw, 640px\" \/><\/a>Da sinistra Edda Serra, il Commendatore Santino Galbiati, prof. Cristina Benussi e Renzo Sanson.<\/p>\n","protected":false},"excerpt":{"rendered":"<p>Anche quest&#8217;anno il Centro Studi Biagio Marin di Grado si presenta a Cortina d&#8217; Ampezzo con tre proposte di incontro. Marted\u00ec 1 agosto verr\u00e0 presentato il dialogo tra il poeta di Grado con il poeta Adriano Guerrini, poeta a sua &hellip; <a href=\"https:\/\/www.biagiomarin.it\/home\/appuntamenti-eventi\/estate-cultura-2017-incontri-di-cortina\/\">Continua a leggere<span class=\"meta-nav\">&rarr;<\/span><\/a><\/p>\n","protected":false},"author":1,"featured_media":0,"comment_status":"open","ping_status":"open","sticky":false,"template":"","format":"standard","meta":{"footnotes":""},"categories":[15],"tags":[],"class_list":["post-2643","post","type-post","status-publish","format-standard","hentry","category-appuntamenti-eventi"],"_links":{"self":[{"href":"https:\/\/www.biagiomarin.it\/home\/wp-json\/wp\/v2\/posts\/2643","targetHints":{"allow":["GET"]}}],"collection":[{"href":"https:\/\/www.biagiomarin.it\/home\/wp-json\/wp\/v2\/posts"}],"about":[{"href":"https:\/\/www.biagiomarin.it\/home\/wp-json\/wp\/v2\/types\/post"}],"author":[{"embeddable":true,"href":"https:\/\/www.biagiomarin.it\/home\/wp-json\/wp\/v2\/users\/1"}],"replies":[{"embeddable":true,"href":"https:\/\/www.biagiomarin.it\/home\/wp-json\/wp\/v2\/comments?post=2643"}],"version-history":[{"count":3,"href":"https:\/\/www.biagiomarin.it\/home\/wp-json\/wp\/v2\/posts\/2643\/revisions"}],"predecessor-version":[{"id":2732,"href":"https:\/\/www.biagiomarin.it\/home\/wp-json\/wp\/v2\/posts\/2643\/revisions\/2732"}],"wp:attachment":[{"href":"https:\/\/www.biagiomarin.it\/home\/wp-json\/wp\/v2\/media?parent=2643"}],"wp:term":[{"taxonomy":"category","embeddable":true,"href":"https:\/\/www.biagiomarin.it\/home\/wp-json\/wp\/v2\/categories?post=2643"},{"taxonomy":"post_tag","embeddable":true,"href":"https:\/\/www.biagiomarin.it\/home\/wp-json\/wp\/v2\/tags?post=2643"}],"curies":[{"name":"wp","href":"https:\/\/api.w.org\/{rel}","templated":true}]}}