{"id":2497,"date":"2016-07-19T16:14:17","date_gmt":"2016-07-19T14:14:17","guid":{"rendered":"http:\/\/www.biagiomarin.it\/home\/?p=2497"},"modified":"2016-07-19T16:22:57","modified_gmt":"2016-07-19T14:22:57","slug":"una-tragedia-senza-poeta-poesia-in-dialetto-sulla-grande-guerra-2016","status":"publish","type":"post","link":"https:\/\/www.biagiomarin.it\/home\/altre-pubblicazioni\/una-tragedia-senza-poeta-poesia-in-dialetto-sulla-grande-guerra-2016\/","title":{"rendered":"Una tragedia senza poeta: poesia in dialetto sulla Grande Guerra (2016)"},"content":{"rendered":"<p><a href=\"http:\/\/www.biagiomarin.it\/home\/wp-content\/uploads\/2016\/07\/una-tragedia-senza-poeta.jpeg\" rel=\"attachment wp-att-2498\"><img loading=\"lazy\" decoding=\"async\" class=\"alignleft wp-image-2498\" src=\"http:\/\/www.biagiomarin.it\/home\/wp-content\/uploads\/2016\/07\/una-tragedia-senza-poeta-722x1024.jpeg\" alt=\"una tragedia senza poeta\" width=\"303\" height=\"445\" \/><\/a>A cura di Massimiliano Mancino per le edizioni del Cubo Roma, \u00e8 uscito il poderoso volume di poesia in dialetto ispirato alla Grande Guerra, che nel titolo annuncia testi e contesti. \u00c8 frutto infatti di una laboriosa indagine di specialisti condotta a tappeto, che consente alla letteratura in dialetto di uscire in pi\u00f9 casi dalla clandestinit\u00e0 e di rendere testimonianza del sentire e della coscienza popolare a proposito del primo conflitto mondiale. Fornisce dunque anche a noi nuovi parametri di valutazione di quegli eventi e nuovi documenti, e, nel quadro generale permette di tentare un bilancio completo della situazione linguistica italiana, che mentre accelera l&#8217;acculturazione indotta dall&#8217;esperienza comune tragica e troppo incomprensibile, agisce su dialetti e lingua.<br \/>\nVengono cos\u00ec recuperate voci ignote e dimenticate, o voci che hanno avuto a suo tempo accoglienza ed eco. Cos\u00ec \u00e8 per <em>La Buffa <\/em>di Giulio Camber Barni (1920, 1935, 1960, 1969, 2014), poeta militare al fronte, che registra l&#8217;animo dei suoi, ed i loro linguaggi, su cui hanno lavorato Virgilio Giotti, Umberto Saba, Anita Pittoni, Vanni Scheiwiller che del mondo della dialettalit\u00e0 hanno parte. A parlarne \u00e8 Edda Serra. <strong>ES<\/strong><\/p>\n<p>Seguono le tre pagine di indice.<\/p>\n<p><a href=\"http:\/\/www.biagiomarin.it\/home\/wp-content\/uploads\/2016\/07\/una-tragedia-senza-poeta-ind1.jpeg\" rel=\"attachment wp-att-2499\"><img loading=\"lazy\" decoding=\"async\" class=\"size-medium wp-image-2499 alignleft\" src=\"http:\/\/www.biagiomarin.it\/home\/wp-content\/uploads\/2016\/07\/una-tragedia-senza-poeta-ind1-197x300.jpeg\" alt=\"una tragedia senza poeta ind1\" width=\"197\" height=\"300\" srcset=\"https:\/\/www.biagiomarin.it\/home\/wp-content\/uploads\/2016\/07\/una-tragedia-senza-poeta-ind1-197x300.jpeg 197w, https:\/\/www.biagiomarin.it\/home\/wp-content\/uploads\/2016\/07\/una-tragedia-senza-poeta-ind1-768x1167.jpeg 768w, https:\/\/www.biagiomarin.it\/home\/wp-content\/uploads\/2016\/07\/una-tragedia-senza-poeta-ind1-674x1024.jpeg 674w, https:\/\/www.biagiomarin.it\/home\/wp-content\/uploads\/2016\/07\/una-tragedia-senza-poeta-ind1.jpeg 1196w\" sizes=\"auto, (max-width: 197px) 100vw, 197px\" \/><\/a><a href=\"http:\/\/www.biagiomarin.it\/home\/wp-content\/uploads\/2016\/07\/una-tragedia-senza-poeta-ind2.jpeg\" rel=\"attachment wp-att-2501\"><img loading=\"lazy\" decoding=\"async\" class=\"alignleft size-medium wp-image-2501\" src=\"http:\/\/www.biagiomarin.it\/home\/wp-content\/uploads\/2016\/07\/una-tragedia-senza-poeta-ind2-203x300.jpeg\" alt=\"una tragedia senza poeta ind2\" width=\"203\" height=\"300\" srcset=\"https:\/\/www.biagiomarin.it\/home\/wp-content\/uploads\/2016\/07\/una-tragedia-senza-poeta-ind2-203x300.jpeg 203w, https:\/\/www.biagiomarin.it\/home\/wp-content\/uploads\/2016\/07\/una-tragedia-senza-poeta-ind2-768x1133.jpeg 768w, https:\/\/www.biagiomarin.it\/home\/wp-content\/uploads\/2016\/07\/una-tragedia-senza-poeta-ind2-694x1024.jpeg 694w, https:\/\/www.biagiomarin.it\/home\/wp-content\/uploads\/2016\/07\/una-tragedia-senza-poeta-ind2.jpeg 1226w\" sizes=\"auto, (max-width: 203px) 100vw, 203px\" \/><\/a><\/p>\n<p>&nbsp;<\/p>\n<p>&nbsp;<\/p>\n<p>&nbsp;<\/p>\n<p>&nbsp;<\/p>\n<p>&nbsp;<\/p>\n<p>&nbsp;<\/p>\n<p><a href=\"http:\/\/www.biagiomarin.it\/home\/wp-content\/uploads\/2016\/07\/una-tragedia-senza-poeta-ind-3.jpeg\" rel=\"attachment wp-att-2500\"><img loading=\"lazy\" decoding=\"async\" class=\"alignleft size-medium wp-image-2500\" src=\"http:\/\/www.biagiomarin.it\/home\/wp-content\/uploads\/2016\/07\/una-tragedia-senza-poeta-ind-3-203x300.jpeg\" alt=\"una tragedia senza poeta ind 3\" width=\"203\" height=\"300\" srcset=\"https:\/\/www.biagiomarin.it\/home\/wp-content\/uploads\/2016\/07\/una-tragedia-senza-poeta-ind-3-203x300.jpeg 203w, https:\/\/www.biagiomarin.it\/home\/wp-content\/uploads\/2016\/07\/una-tragedia-senza-poeta-ind-3-768x1136.jpeg 768w, https:\/\/www.biagiomarin.it\/home\/wp-content\/uploads\/2016\/07\/una-tragedia-senza-poeta-ind-3-693x1024.jpeg 693w, https:\/\/www.biagiomarin.it\/home\/wp-content\/uploads\/2016\/07\/una-tragedia-senza-poeta-ind-3.jpeg 1212w\" sizes=\"auto, (max-width: 203px) 100vw, 203px\" \/><\/a><\/p>\n","protected":false},"excerpt":{"rendered":"<p>A cura di Massimiliano Mancino per le edizioni del Cubo Roma, \u00e8 uscito il poderoso volume di poesia in dialetto ispirato alla Grande Guerra, che nel titolo annuncia testi e contesti. \u00c8 frutto infatti di una laboriosa indagine di specialisti &hellip; <a href=\"https:\/\/www.biagiomarin.it\/home\/altre-pubblicazioni\/una-tragedia-senza-poeta-poesia-in-dialetto-sulla-grande-guerra-2016\/\">Continua a leggere<span class=\"meta-nav\">&rarr;<\/span><\/a><\/p>\n","protected":false},"author":1,"featured_media":0,"comment_status":"open","ping_status":"open","sticky":false,"template":"","format":"standard","meta":{"footnotes":""},"categories":[19],"tags":[],"class_list":["post-2497","post","type-post","status-publish","format-standard","hentry","category-altre-pubblicazioni"],"_links":{"self":[{"href":"https:\/\/www.biagiomarin.it\/home\/wp-json\/wp\/v2\/posts\/2497","targetHints":{"allow":["GET"]}}],"collection":[{"href":"https:\/\/www.biagiomarin.it\/home\/wp-json\/wp\/v2\/posts"}],"about":[{"href":"https:\/\/www.biagiomarin.it\/home\/wp-json\/wp\/v2\/types\/post"}],"author":[{"embeddable":true,"href":"https:\/\/www.biagiomarin.it\/home\/wp-json\/wp\/v2\/users\/1"}],"replies":[{"embeddable":true,"href":"https:\/\/www.biagiomarin.it\/home\/wp-json\/wp\/v2\/comments?post=2497"}],"version-history":[{"count":3,"href":"https:\/\/www.biagiomarin.it\/home\/wp-json\/wp\/v2\/posts\/2497\/revisions"}],"predecessor-version":[{"id":2507,"href":"https:\/\/www.biagiomarin.it\/home\/wp-json\/wp\/v2\/posts\/2497\/revisions\/2507"}],"wp:attachment":[{"href":"https:\/\/www.biagiomarin.it\/home\/wp-json\/wp\/v2\/media?parent=2497"}],"wp:term":[{"taxonomy":"category","embeddable":true,"href":"https:\/\/www.biagiomarin.it\/home\/wp-json\/wp\/v2\/categories?post=2497"},{"taxonomy":"post_tag","embeddable":true,"href":"https:\/\/www.biagiomarin.it\/home\/wp-json\/wp\/v2\/tags?post=2497"}],"curies":[{"name":"wp","href":"https:\/\/api.w.org\/{rel}","templated":true}]}}