{"id":2416,"date":"2016-02-06T18:00:34","date_gmt":"2016-02-06T16:00:34","guid":{"rendered":"http:\/\/www.biagiomarin.it\/home\/?p=2416"},"modified":"2016-02-27T17:15:17","modified_gmt":"2016-02-27T15:15:17","slug":"leopardi-a-trieste-con-virgilio-giotti-a-cura-di-a-de-simone","status":"publish","type":"post","link":"https:\/\/www.biagiomarin.it\/home\/altre-pubblicazioni\/leopardi-a-trieste-con-virgilio-giotti-a-cura-di-a-de-simone\/","title":{"rendered":"Leopardi a Trieste con Virgilio Giotti (a cura di A. De Simone)"},"content":{"rendered":"<p><a href=\"http:\/\/www.biagiomarin.it\/home\/wp-content\/uploads\/2016\/02\/Leopardi-a-Trieste-con-V.-Giotti.jpeg\"><img loading=\"lazy\" decoding=\"async\" class=\" wp-image-2417 alignleft\" src=\"http:\/\/www.biagiomarin.it\/home\/wp-content\/uploads\/2016\/02\/Leopardi-a-Trieste-con-V.-Giotti-188x300.jpeg\" alt=\"Leopardi a Trieste con V. Giotti\" width=\"243\" height=\"323\" \/><\/a>Si deve ad Anna De Simone, la cultrice della poesia di B. Marin e altrettanto attentamente della personalit\u00e0 di V. Giotti questo tributo che vede congiunto i nomi di G. Leopardi e di Giotti. Il titolo del suo saggio: <em>Leopardi a Trieste con Virgilio Giotti<\/em> sembra riferirsi ad una eredit\u00e0 che tale non \u00e8. Di fatto Anna De Simone ci conduce per mano lungo una biografia interpretativa dell&#8217;opera di Giotti grazie al commento e alle sottolineature che l&#8217;autore triestino riporta nella copia personale dei <em>Canti<\/em> leopardiani. Il discorso ci riporta alla necessit\u00e0 di leggere gli autori triestini in un contesto culturale di ampio respiro. Sia nei riguardi della cultura italiana, sia in quelli della letteratura europea, soprattutto a quel primo Novecento in cui in ogni ambito della cultura e dell&#8217;arte si cercavano nuovi linguaggi. La scelta del triestino come lingua della poesia \u00e8 segno di una novit\u00e0 rivoluzionaria. Il volume \u00e8 edito da Interlinea Ed., Novara 2015.\u00a0<strong>ES<\/strong><\/p>\n<p>Il libro sar\u00e0 presentato a Trieste il 16<span style=\"color: #800000;\"> marzo alle ore 18.00<\/span> presso la<span style=\"color: #800000;\"> Libreria Minerva <span style=\"color: #000000;\">in via San Nicol\u00f2 20<\/span><span style=\"color: #000000;\">; a Gorizia il 14 marzo alle ore 18.00 presso la Libreria Voltapagina, in corso Verdi 54.<br \/>\nPrenderanno la parola Edda Serra e Anna De Simone, legger\u00e0, in omaggio a Giotti, Claudio Grisancich.<\/span><\/span><br \/>\nI due incontri sono proposti rispettivamente dal Centro Studi Biagio Marin, dal Comitato Dante Alighieri di Gorizia, dal direttore di <em>Ponte Rosso<\/em>.<\/p>\n","protected":false},"excerpt":{"rendered":"<p>Si deve ad Anna De Simone, la cultrice della poesia di B. Marin e altrettanto attentamente della personalit\u00e0 di V. Giotti questo tributo che vede congiunto i nomi di G. Leopardi e di Giotti. Il titolo del suo saggio: Leopardi &hellip; <a href=\"https:\/\/www.biagiomarin.it\/home\/altre-pubblicazioni\/leopardi-a-trieste-con-virgilio-giotti-a-cura-di-a-de-simone\/\">Continua a leggere<span class=\"meta-nav\">&rarr;<\/span><\/a><\/p>\n","protected":false},"author":4,"featured_media":0,"comment_status":"open","ping_status":"open","sticky":false,"template":"","format":"standard","meta":{"footnotes":""},"categories":[19],"tags":[],"class_list":["post-2416","post","type-post","status-publish","format-standard","hentry","category-altre-pubblicazioni"],"_links":{"self":[{"href":"https:\/\/www.biagiomarin.it\/home\/wp-json\/wp\/v2\/posts\/2416","targetHints":{"allow":["GET"]}}],"collection":[{"href":"https:\/\/www.biagiomarin.it\/home\/wp-json\/wp\/v2\/posts"}],"about":[{"href":"https:\/\/www.biagiomarin.it\/home\/wp-json\/wp\/v2\/types\/post"}],"author":[{"embeddable":true,"href":"https:\/\/www.biagiomarin.it\/home\/wp-json\/wp\/v2\/users\/4"}],"replies":[{"embeddable":true,"href":"https:\/\/www.biagiomarin.it\/home\/wp-json\/wp\/v2\/comments?post=2416"}],"version-history":[{"count":7,"href":"https:\/\/www.biagiomarin.it\/home\/wp-json\/wp\/v2\/posts\/2416\/revisions"}],"predecessor-version":[{"id":2447,"href":"https:\/\/www.biagiomarin.it\/home\/wp-json\/wp\/v2\/posts\/2416\/revisions\/2447"}],"wp:attachment":[{"href":"https:\/\/www.biagiomarin.it\/home\/wp-json\/wp\/v2\/media?parent=2416"}],"wp:term":[{"taxonomy":"category","embeddable":true,"href":"https:\/\/www.biagiomarin.it\/home\/wp-json\/wp\/v2\/categories?post=2416"},{"taxonomy":"post_tag","embeddable":true,"href":"https:\/\/www.biagiomarin.it\/home\/wp-json\/wp\/v2\/tags?post=2416"}],"curies":[{"name":"wp","href":"https:\/\/api.w.org\/{rel}","templated":true}]}}