{"id":2378,"date":"2015-11-01T18:32:40","date_gmt":"2015-11-01T16:32:40","guid":{"rendered":"http:\/\/www.biagiomarin.it\/home\/?p=2378"},"modified":"2015-11-11T18:34:39","modified_gmt":"2015-11-11T16:34:39","slug":"lombra-del-sogno-a-cura-di-a-de-simone-ed-cofine-2015","status":"publish","type":"post","link":"https:\/\/www.biagiomarin.it\/home\/altre-pubblicazioni\/lombra-del-sogno-a-cura-di-a-de-simone-ed-cofine-2015\/","title":{"rendered":"L&#8217;ombra del sogno (a cura di A. De Simone) 2015"},"content":{"rendered":"<p><a href=\"http:\/\/www.biagiomarin.it\/home\/wp-content\/uploads\/2015\/11\/lombra-del-sogno.jpeg\"><img loading=\"lazy\" decoding=\"async\" class=\"alignleft wp-image-2379 size-medium\" src=\"http:\/\/www.biagiomarin.it\/home\/wp-content\/uploads\/2015\/11\/lombra-del-sogno-211x300.jpeg\" alt=\"l'ombra del sogno\" width=\"211\" height=\"300\" srcset=\"https:\/\/www.biagiomarin.it\/home\/wp-content\/uploads\/2015\/11\/lombra-del-sogno-211x300.jpeg 211w, https:\/\/www.biagiomarin.it\/home\/wp-content\/uploads\/2015\/11\/lombra-del-sogno-721x1024.jpeg 721w, https:\/\/www.biagiomarin.it\/home\/wp-content\/uploads\/2015\/11\/lombra-del-sogno.jpeg 1712w\" sizes=\"auto, (max-width: 211px) 100vw, 211px\" \/><\/a><\/p>\n<p align=\"JUSTIFY\"><strong>L&#8217;ombra del sogno\u00a0<\/strong>(ed. Cofine 2015) ha per sottotitolo <i>Viaggio nella poesia di Giuseppe Rosato<\/i>, e a fare il percorso \u00e8 Anna De Simone, attenta lettrice della poesia in dialetto, assumendosi fin dalla copertina la responsabilit\u00e0 del ritratto del poeta: lungo i versanti della poesia in lingua frentana (Abruzzo) della poesia in italiano, della poesia civile. Una poesia che affonda nel sogno della giovinezza, e in un paesaggio sempre pi\u00f9 smagato pu\u00f2 farsi vuoto e incubo. Perdita. Come \u00e8, anche, dell&#8217;amata consorte. Il percorso di Anna De Simone, che gi\u00e0 aveva scritto del poeta abruzzese per <i>Lu scuru che s&#8217;attonne <\/i>(Il buio che si attonda) e a pi\u00f9 riprese in \u201cPoesia\u201d, ci porta un ricco corredo antologico e una serie di pagine critiche (Fiorentino, Loi, Serrao, Tesio); e una preziosa cronistoria del Premio di poesia Lanciano che collega il nome di Rosato a quello di Marin. Fra i due c&#8217;era stata una preziosa amicizia, ed una corrispondenza epistolare preziosa, di recente consegnata di persona al CSBM quale omaggio a Marin dal poeta abruzzese (Grado, agosto 2015). <b>ES<\/b><\/p>\n","protected":false},"excerpt":{"rendered":"<p>L&#8217;ombra del sogno\u00a0(ed. Cofine 2015) ha per sottotitolo Viaggio nella poesia di Giuseppe Rosato, e a fare il percorso \u00e8 Anna De Simone, attenta lettrice della poesia in dialetto, assumendosi fin dalla copertina la responsabilit\u00e0 del ritratto del poeta: lungo &hellip; <a href=\"https:\/\/www.biagiomarin.it\/home\/altre-pubblicazioni\/lombra-del-sogno-a-cura-di-a-de-simone-ed-cofine-2015\/\">Continua a leggere<span class=\"meta-nav\">&rarr;<\/span><\/a><\/p>\n","protected":false},"author":1,"featured_media":0,"comment_status":"open","ping_status":"open","sticky":false,"template":"","format":"standard","meta":{"footnotes":""},"categories":[19],"tags":[],"class_list":["post-2378","post","type-post","status-publish","format-standard","hentry","category-altre-pubblicazioni"],"_links":{"self":[{"href":"https:\/\/www.biagiomarin.it\/home\/wp-json\/wp\/v2\/posts\/2378","targetHints":{"allow":["GET"]}}],"collection":[{"href":"https:\/\/www.biagiomarin.it\/home\/wp-json\/wp\/v2\/posts"}],"about":[{"href":"https:\/\/www.biagiomarin.it\/home\/wp-json\/wp\/v2\/types\/post"}],"author":[{"embeddable":true,"href":"https:\/\/www.biagiomarin.it\/home\/wp-json\/wp\/v2\/users\/1"}],"replies":[{"embeddable":true,"href":"https:\/\/www.biagiomarin.it\/home\/wp-json\/wp\/v2\/comments?post=2378"}],"version-history":[{"count":2,"href":"https:\/\/www.biagiomarin.it\/home\/wp-json\/wp\/v2\/posts\/2378\/revisions"}],"predecessor-version":[{"id":2383,"href":"https:\/\/www.biagiomarin.it\/home\/wp-json\/wp\/v2\/posts\/2378\/revisions\/2383"}],"wp:attachment":[{"href":"https:\/\/www.biagiomarin.it\/home\/wp-json\/wp\/v2\/media?parent=2378"}],"wp:term":[{"taxonomy":"category","embeddable":true,"href":"https:\/\/www.biagiomarin.it\/home\/wp-json\/wp\/v2\/categories?post=2378"},{"taxonomy":"post_tag","embeddable":true,"href":"https:\/\/www.biagiomarin.it\/home\/wp-json\/wp\/v2\/tags?post=2378"}],"curies":[{"name":"wp","href":"https:\/\/api.w.org\/{rel}","templated":true}]}}