{"id":2374,"date":"2015-11-08T17:37:27","date_gmt":"2015-11-08T15:37:27","guid":{"rendered":"http:\/\/www.biagiomarin.it\/home\/?p=2374"},"modified":"2015-11-08T17:37:27","modified_gmt":"2015-11-08T15:37:27","slug":"promemoria-invito-bm-caro-a-trieste","status":"publish","type":"post","link":"https:\/\/www.biagiomarin.it\/home\/appuntamenti-eventi\/promemoria-invito-bm-caro-a-trieste\/","title":{"rendered":"Promemoria Invito &#8220;BM caro a Trieste&#8221;"},"content":{"rendered":"<p align=\"JUSTIFY\"><a href=\"http:\/\/www.biagiomarin.it\/home\/wp-content\/uploads\/2015\/11\/BM-caro.jpg\"><img loading=\"lazy\" decoding=\"async\" class=\"aligncenter size-large wp-image-2375\" src=\"http:\/\/www.biagiomarin.it\/home\/wp-content\/uploads\/2015\/11\/BM-caro-1024x724.jpg\" alt=\"BM caro\" width=\"640\" height=\"453\" srcset=\"https:\/\/www.biagiomarin.it\/home\/wp-content\/uploads\/2015\/11\/BM-caro-1024x724.jpg 1024w, https:\/\/www.biagiomarin.it\/home\/wp-content\/uploads\/2015\/11\/BM-caro-300x212.jpg 300w\" sizes=\"auto, (max-width: 640px) 100vw, 640px\" \/><\/a><span style=\"font-size: medium;\">Il Centro Studi Biagio Marin di Grado e il Circolo della Cultura e delle Arti di Trieste comunicano che sar\u00e0 nelle librerie dal prossimo marted\u00ec 20 ottobre il libro di Giovanni Gregori intitolato \u201cBIAGIO MARIN CARO A TRIESTE\u201d ( Hammerle Editori in Trieste, pp. 255, Euro 15; coeditori il CSBM e il CCA di Trieste ) e incentrato sulla \u201ctriestinit\u00e0\u201d del Poeta di Grado.<br \/>\nIl libro rivisita la partecipazione di Biagio Marin alla \u201cResistenza\u201d e alla difesa nel decennio delle occupazioni straniere 1944-1954, dell\u2019\u201citalianit\u00e0\u201d della Citt\u00e0 quale membro del Comitato di Liberazione Nazionale di Trieste, nonch\u00e9 cofondatore accanto a Giani Stuparich del Circolo delle Cultura e delle Arti, di cui fu per 16 anni direttore della Sezione Lettere, e infine Presidente onorario. L&#8217; esperienza triestina di Marin durata trent&#8217;anni (1939 \u2013 1969) non si esaurisce con il suo ritorno a Grado, e si nutre ancora dei contatti con gli amici triestini, Manlio Cecovini e Stelio Crise, <\/span>Elvio Guagnini, <span style=\"font-size: medium;\">Alfredo Vernier, Claudio Magris ad esempio. Sicch\u00e9 Giovanni Gregori ci d\u00e0 un pi\u00f9 completo profilo dell&#8217;uomo e del cittadino, nonch\u00e9 dell&#8217;intellettuale, finora mancante nella sua biografia, e nello stesso tempo richiama alla memoria fatti e personaggi che hanno avuto un ruolo significativo nella vita della citt\u00e0, e sono ormai in parte dimenticati se non ignorati.<br \/>\nIl Comune di Trieste in riconoscimento anche dei suoi grandi meriti di poeta, di prosatore e di cittadino conferisce a Marin nel 1956 il certificato di \u201ccittadino benemerito\u201d e nel 1985 la \u201c cittadinanza onoraria\u201d.<\/span><\/p>\n<p align=\"JUSTIFY\"><span style=\"font-size: medium;\">Si comunica inoltre che <strong><span style=\"color: #800000;\">il prossimo venerd\u00ec 13 novembre, alle 17.30<\/span><\/strong>, avr\u00e0 luogo alla <strong>Libreria Minerva (Via San Nicol\u00f2, 20)<\/strong> la presentazione del libro da parte della <strong>prof.ssa Edda Serra e del prof. Elvio Guagnini<\/strong> quali estensori delle note introduttive e quali presidente e vicepresidente, rispettivamente, del Centro Studi Biagio Marin e del Circolo della Cultura e delle Arti, che hanno dato il sostegno alla pubblicazione del libro.<\/span><\/p>\n<p align=\"JUSTIFY\"><span style=\"font-size: medium;\">Tali interventi saranno preceduti dal discorso di Roberto Cosolini, Sindaco di Trieste, che ha dato il patrocinio al libro \u201cBiagio Marin caro a Trieste\u201d di Giovanni Gregori. <\/span><span style=\"font-size: medium;\"><b>ES<\/b><\/span><\/p>\n","protected":false},"excerpt":{"rendered":"<p>Il Centro Studi Biagio Marin di Grado e il Circolo della Cultura e delle Arti di Trieste comunicano che sar\u00e0 nelle librerie dal prossimo marted\u00ec 20 ottobre il libro di Giovanni Gregori intitolato \u201cBIAGIO MARIN CARO A TRIESTE\u201d ( Hammerle &hellip; <a href=\"https:\/\/www.biagiomarin.it\/home\/appuntamenti-eventi\/promemoria-invito-bm-caro-a-trieste\/\">Continua a leggere<span class=\"meta-nav\">&rarr;<\/span><\/a><\/p>\n","protected":false},"author":1,"featured_media":0,"comment_status":"open","ping_status":"open","sticky":false,"template":"","format":"standard","meta":{"footnotes":""},"categories":[19,15,17],"tags":[],"class_list":["post-2374","post","type-post","status-publish","format-standard","hentry","category-altre-pubblicazioni","category-appuntamenti-eventi","category-pubblicazioni-csbm"],"_links":{"self":[{"href":"https:\/\/www.biagiomarin.it\/home\/wp-json\/wp\/v2\/posts\/2374","targetHints":{"allow":["GET"]}}],"collection":[{"href":"https:\/\/www.biagiomarin.it\/home\/wp-json\/wp\/v2\/posts"}],"about":[{"href":"https:\/\/www.biagiomarin.it\/home\/wp-json\/wp\/v2\/types\/post"}],"author":[{"embeddable":true,"href":"https:\/\/www.biagiomarin.it\/home\/wp-json\/wp\/v2\/users\/1"}],"replies":[{"embeddable":true,"href":"https:\/\/www.biagiomarin.it\/home\/wp-json\/wp\/v2\/comments?post=2374"}],"version-history":[{"count":1,"href":"https:\/\/www.biagiomarin.it\/home\/wp-json\/wp\/v2\/posts\/2374\/revisions"}],"predecessor-version":[{"id":2376,"href":"https:\/\/www.biagiomarin.it\/home\/wp-json\/wp\/v2\/posts\/2374\/revisions\/2376"}],"wp:attachment":[{"href":"https:\/\/www.biagiomarin.it\/home\/wp-json\/wp\/v2\/media?parent=2374"}],"wp:term":[{"taxonomy":"category","embeddable":true,"href":"https:\/\/www.biagiomarin.it\/home\/wp-json\/wp\/v2\/categories?post=2374"},{"taxonomy":"post_tag","embeddable":true,"href":"https:\/\/www.biagiomarin.it\/home\/wp-json\/wp\/v2\/tags?post=2374"}],"curies":[{"name":"wp","href":"https:\/\/api.w.org\/{rel}","templated":true}]}}