{"id":2364,"date":"2015-10-17T13:23:21","date_gmt":"2015-10-17T11:23:21","guid":{"rendered":"http:\/\/www.biagiomarin.it\/home\/?p=2364"},"modified":"2015-12-08T17:52:04","modified_gmt":"2015-12-08T15:52:04","slug":"biagio-marin-caro-a-trieste-di-g-gregori","status":"publish","type":"post","link":"https:\/\/www.biagiomarin.it\/home\/appuntamenti-eventi\/biagio-marin-caro-a-trieste-di-g-gregori\/","title":{"rendered":"Biagio Marin caro a Trieste di G. Gregori"},"content":{"rendered":"<p>E&#8217; in vendita dal <span style=\"color: #800000;\">20 ottobre<\/span> <span style=\"color: #800000;\">2015<\/span> nelle librerie di Trieste e di Gorizia il libro di <strong>Giovanni Gregori<\/strong> che sar\u00e0 presentato <span style=\"color: #800000;\">a Trieste alla Libreria Minerva il giorno 13 novembre<\/span> da\u00a0<strong>Elvio Guagnini<\/strong> e\u00a0 <strong>Edda Serra<\/strong>.<\/p>\n<p><a href=\"http:\/\/www.biagiomarin.it\/home\/wp-content\/uploads\/2015\/10\/biagio-marin-caro-a-ts.jpeg\"><img loading=\"lazy\" decoding=\"async\" class=\"aligncenter size-large wp-image-2365\" src=\"http:\/\/www.biagiomarin.it\/home\/wp-content\/uploads\/2015\/10\/biagio-marin-caro-a-ts-694x1024.jpeg\" alt=\"biagio marin caro a ts\" width=\"640\" height=\"944\" srcset=\"https:\/\/www.biagiomarin.it\/home\/wp-content\/uploads\/2015\/10\/biagio-marin-caro-a-ts-694x1024.jpeg 694w, https:\/\/www.biagiomarin.it\/home\/wp-content\/uploads\/2015\/10\/biagio-marin-caro-a-ts-203x300.jpeg 203w, https:\/\/www.biagiomarin.it\/home\/wp-content\/uploads\/2015\/10\/biagio-marin-caro-a-ts.jpeg 1784w\" sizes=\"auto, (max-width: 640px) 100vw, 640px\" \/><\/a><\/p>\n<p>Difficile \u00e8 scrivere di Biagio Marin, e per la complessit\u00e0 della persona, e per la complessit\u00e0 del mondo che nelle sue tante sfaccettature vi si riflette.<\/p>\n<p>Perci\u00f2 siamo grati all&#8217;autore di questo profilo del Marin tergestino, Giovanni Gregori, che ha osato sfidare l&#8217; impresa di una sintesi, ricorrendo alla testimonianza diretta dell&#8217;autore presentato e alle sue parole, ampie e frequenti sono infatti le citazioni, e producendo un&#8217;opera il cui intento \u00e8 evidentemente divulgativo. Il che significa narrare di Marin e del suo trentennio triestino, 1939-1969, che Marin stesso indicava come il pi\u00f9 felice della sua vita di intellettuale, tenendo ben presente noi lettori che il trentennio \u00e8 presto segnato dalla perdita del figlio Falco, prima, della mutilazione della Venezia Giulia, poi.<\/p>\n<p>Il libro ha il pregio di presentare pagine di Marin poco note o non abbastanza sfruttate, di un periodo della sua vita finora poco indagato, di esperienze vissute in un clima storico che attende d&#8217; altra parte un pi\u00f9 compiuto approfondimento scientifico documentato.<\/p>\n<p>Il libro di Nino Gregori ha dunque il merito di richiamare i lettori pi\u00f9 giovani ad una realt\u00e0 storica che ci \u00e8 distante ormai settant&#8217;anni, la seconda guerra mondiale, che per la generazione di Marin \u00e8 stata la seconda prova del fuoco attraverso la quale \u00e8 passata l&#8217; Europa, prova nei confronti della quale la memoria di oggi poco vuole ricordare, tanto sofferta \u00e8 stata l&#8217; esperienza della nostra regione.<\/p>\n<p>L&#8217; autore, facendo parlare Marin, ci riporta non solo il personaggio, ma un clima storico di valori condivisi &#8211; anche su fronti opposti \u2013 oggi da ricostruire uscendo da approssimazioni conformistiche, per contribuire alla conoscenza della propria storia presto dimenticata, situazioni e protagonisti, in definitiva la consapevolezza dell&#8217;identit\u00e0 civile della citt\u00e0.<\/p>\n<p>In tale direzione l&#8217; autore si trova a continuare il discorso di Marin, uomo vivamente partecipe della realt\u00e0 a lui presente con le sue responsabilit\u00e0 ineludibili che la vita imprevedibile impone, ed \u00e8 il richiamo forte alla coscienza di s\u00e9 che fa la persona, che \u00e8 tale solo nel contesto sociale: da cui la dimensione etica del vivere di ciascuno. Ed \u00e8 discorso sul quale oggi vale la pena di riflettere, decisamente attuale. Accanto \u00e8 il dovere della memoria, senza la quale non c&#8217;\u00e8 confronto n\u00e9 coscienza; cos\u00ec come non c&#8217;\u00e8 coscienza senza il confronto contestuale fra pari.<\/p>\n<p>Al lettore vengono cos\u00ec proposti anche valori considerati desueti e inattuali, come quello di patria, che in Marin, di formazione mazziniana, irredentista, deluso dell&#8217;incapacit\u00e0 nazionale italiana di vivere la dignit\u00e0 della propria identit\u00e0 e della propria storia, ha per\u00f2 il senso enunciato in <i>Goriziq<\/i> negli anni &#8217;40, dove, ricordando il Circolo mazziniano frequentato da studente ginnasiale, esprime la sua gratitudine al pensatore che gli aveva dato una patria \u201cnon bella e fatta, ma da farsi, continuamente da farsi\u201d: la dimensione etica stessa, che i nostri giorni dicono essere necessaria ed urgente.<\/p>\n<p>Il libro dunque informa e fa riflettere, risveglia il ricordo di personaggi che a Trieste in quegli anni hanno avuto responsabilit\u00e0 e fatto storia, e ci d\u00e0 un ritratto intero di Marin. L&#8217; autore, pur muovendo da<i> Strade e vie di Trieste, <\/i>pubblicato da Scheiwiller nel 1968, improntate dell&#8217;emozione di Marin che scopre con il cuore il paesaggio urbano e ne vede la storia, nei primi capitoli per motivarne le scelte esistenziali e civili, \u00e8 obbligato a richiamare i tratti salienti della sua formazione e delle sue precedenti esperienze. Sicch\u00e9 Giovanni Gregori ci d\u00e0 un ritratto completo di Marin e gliene siamo grati: quello che arriva a Trieste \u00e8 il Marin maturo, sempre vivacemente attivo e propositivo, ed in anticipo sulle cose, come quando vocianamente dalla sede delle Generali che si affaccia sulla piazza dell&#8217;Unit\u00e0 nel 1945 promuove un programma di impegno culturale di contrasto e di compensazione alla crisi tragica della citt\u00e0, che sar\u00e0 poi del Circolo della Cultura e delle Arti.<\/p>\n<p>Siamo grati all&#8217;autore anche per avere utilizzato valorizzandole le pubblicazioni del Centro Studi Biagio Marin : i documenti epistolari pubblicati in \u201cStudi Mariniani\u201d; i documenti dell&#8217;Archivio Marin della Fondazione CaRiGo pubblicati in due supplementi dello stesso periodico, <i>Autoritratti e impegno civile<\/i> e in <i>Paesaggi, storia e<\/i> <i>memoria.<\/i><\/p>\n<p>Aggiungiamo che il lavoro si colloca accanto alla pubblicazione a carattere scientifico di alcuni dei quaderni di diario di Marin di propriet\u00e0 dell&#8217;Universit\u00e0 di Trieste nell&#8217;ambito dell&#8217;Archivio degli scrittori e della cultura regionale, <i>La pace lontana<\/i> e <i>Vele in porto<\/i> curati da Ilenia Marin ed editi dalla LEG, e il recentissimo curato da Gianni Cimador, <i>Considerazioni sui problemi del mio tempo<\/i> <i>e appunti vari . 11Novembre 1940 \u2013 28 agosto 1952 edito <\/i>dall&#8217;EUT, prezioso e pertinente. Per dare maggiore consistenza storica alla ricerca siamo da tempo in attesa di pubblicare \u201cfaventibus deis\u201d la raccolta degli scritti di Marin pubblicista impegnato negli anni del secondo dopoguerra. In tale modo, a quadro completo, si potr\u00e0 valutare la continuit\u00e0 di un pensiero e di un impegno tutto triestino che va da Scipio Slataper a Giani Stuparich e si conclude con Biagio Marin, coinvolgendo Manlio Cecovini. <b>ES<\/b><\/p>\n","protected":false},"excerpt":{"rendered":"<p>E&#8217; in vendita dal 20 ottobre 2015 nelle librerie di Trieste e di Gorizia il libro di Giovanni Gregori che sar\u00e0 presentato a Trieste alla Libreria Minerva il giorno 13 novembre da\u00a0Elvio Guagnini e\u00a0 Edda Serra. Difficile \u00e8 scrivere di &hellip; <a href=\"https:\/\/www.biagiomarin.it\/home\/appuntamenti-eventi\/biagio-marin-caro-a-trieste-di-g-gregori\/\">Continua a leggere<span class=\"meta-nav\">&rarr;<\/span><\/a><\/p>\n","protected":false},"author":1,"featured_media":0,"comment_status":"open","ping_status":"open","sticky":false,"template":"","format":"standard","meta":{"footnotes":""},"categories":[15],"tags":[],"class_list":["post-2364","post","type-post","status-publish","format-standard","hentry","category-appuntamenti-eventi"],"_links":{"self":[{"href":"https:\/\/www.biagiomarin.it\/home\/wp-json\/wp\/v2\/posts\/2364","targetHints":{"allow":["GET"]}}],"collection":[{"href":"https:\/\/www.biagiomarin.it\/home\/wp-json\/wp\/v2\/posts"}],"about":[{"href":"https:\/\/www.biagiomarin.it\/home\/wp-json\/wp\/v2\/types\/post"}],"author":[{"embeddable":true,"href":"https:\/\/www.biagiomarin.it\/home\/wp-json\/wp\/v2\/users\/1"}],"replies":[{"embeddable":true,"href":"https:\/\/www.biagiomarin.it\/home\/wp-json\/wp\/v2\/comments?post=2364"}],"version-history":[{"count":4,"href":"https:\/\/www.biagiomarin.it\/home\/wp-json\/wp\/v2\/posts\/2364\/revisions"}],"predecessor-version":[{"id":2388,"href":"https:\/\/www.biagiomarin.it\/home\/wp-json\/wp\/v2\/posts\/2364\/revisions\/2388"}],"wp:attachment":[{"href":"https:\/\/www.biagiomarin.it\/home\/wp-json\/wp\/v2\/media?parent=2364"}],"wp:term":[{"taxonomy":"category","embeddable":true,"href":"https:\/\/www.biagiomarin.it\/home\/wp-json\/wp\/v2\/categories?post=2364"},{"taxonomy":"post_tag","embeddable":true,"href":"https:\/\/www.biagiomarin.it\/home\/wp-json\/wp\/v2\/tags?post=2364"}],"curies":[{"name":"wp","href":"https:\/\/api.w.org\/{rel}","templated":true}]}}