{"id":2355,"date":"2015-10-10T17:39:22","date_gmt":"2015-10-10T15:39:22","guid":{"rendered":"http:\/\/www.biagiomarin.it\/home\/?p=2355"},"modified":"2015-10-10T17:54:55","modified_gmt":"2015-10-10T15:54:55","slug":"marin-pascutto-venezia-2015","status":"publish","type":"post","link":"https:\/\/www.biagiomarin.it\/home\/eventi\/marin-pascutto-venezia-2015\/","title":{"rendered":"Marin-Pascutto Venezia 2015"},"content":{"rendered":"<p align=\"JUSTIFY\"><a href=\"http:\/\/www.biagiomarin.it\/home\/wp-content\/uploads\/2015\/10\/00012.jpg\"><img loading=\"lazy\" decoding=\"async\" class=\"aligncenter size-large wp-image-2356\" src=\"http:\/\/www.biagiomarin.it\/home\/wp-content\/uploads\/2015\/10\/00012-724x1024.jpg\" alt=\"0001\" width=\"640\" height=\"905\" srcset=\"https:\/\/www.biagiomarin.it\/home\/wp-content\/uploads\/2015\/10\/00012-724x1024.jpg 724w, https:\/\/www.biagiomarin.it\/home\/wp-content\/uploads\/2015\/10\/00012-212x300.jpg 212w\" sizes=\"auto, (max-width: 640px) 100vw, 640px\" \/><\/a>Edda Serra, invitata alla Biblioteca e Centro Culturale Hugo Pratt del Lido di Venezia per una lettura a confronto tra Biagio Marin, il poeta di Grado, e Romano Pascutto, poeta di San Stino di Livenza, ha fondato la presentazione dei due autori sulla distanza antropologica oltre che storica: una distanza che li pone in una situazione perfettamente asimmetrica. Il mare e gli orizzonti prestano a Marin temi, linguaggio, prospettive filosofiche e contemplative; mentre a Pascutto la miseria della fatica e del lavoro nei campi e del piccolo artigianato, la necessit\u00e0 della dura terra bagnata dalla Livenza, ma anche i piccoli doni delle piante e dei fiori, impongono un limite di orizzonte poetico ed umano in cui persino l&#8217;amore sembra essere escluso mentre affiora la denuncia e la condanna da un lato, l&#8217;ironia dall&#8217;altro, comunque la passione del vivere.<\/p>\n<p><a href=\"http:\/\/www.biagiomarin.it\/home\/wp-content\/uploads\/2015\/10\/lacqua-la-piera-la-tera.jpeg\"><img loading=\"lazy\" decoding=\"async\" class=\"size-medium wp-image-2358 alignleft\" src=\"http:\/\/www.biagiomarin.it\/home\/wp-content\/uploads\/2015\/10\/lacqua-la-piera-la-tera-186x300.jpeg\" alt=\"l'acqua la piera la tera\" width=\"186\" height=\"300\" srcset=\"https:\/\/www.biagiomarin.it\/home\/wp-content\/uploads\/2015\/10\/lacqua-la-piera-la-tera-186x300.jpeg 186w, https:\/\/www.biagiomarin.it\/home\/wp-content\/uploads\/2015\/10\/lacqua-la-piera-la-tera-636x1024.jpeg 636w, https:\/\/www.biagiomarin.it\/home\/wp-content\/uploads\/2015\/10\/lacqua-la-piera-la-tera.jpeg 1368w\" sizes=\"auto, (max-width: 186px) 100vw, 186px\" \/><\/a>Le meraviglie dell&#8217;esperienza dell&#8217;infanzia e la forza delle figure femminili sono i tratti salienti dell&#8217;antologia della Marsilio curata da Mario Bernardi <em>L&#8217;acqua<\/em>,<em> la piera<\/em>,<em> la tera <\/em>(2000). R. Pascutto \u00e8 bens\u00ec autore che si fa ammirare per i suoi testi teatrali che pi\u00f9 variamente sottolineano la dignit\u00e0 di personaggi abbruttiti dalla fatica e dalla miseria, e tra le poesie vanno ricordati testi evocativi di misura ampia, e quasi epici nella rappresentazione di singoli personaggi. Sempre dell&#8217;editore Marsilio sono i quattro tomi che contengono l&#8217;opera omnia del prolifico autore. Il tomo dedicato alla poesia \u00e8 curato da Antonio Daniele. <strong>ES<\/strong><\/p>\n<p>&nbsp;<\/p>\n","protected":false},"excerpt":{"rendered":"<p>Edda Serra, invitata alla Biblioteca e Centro Culturale Hugo Pratt del Lido di Venezia per una lettura a confronto tra Biagio Marin, il poeta di Grado, e Romano Pascutto, poeta di San Stino di Livenza, ha fondato la presentazione dei &hellip; <a href=\"https:\/\/www.biagiomarin.it\/home\/eventi\/marin-pascutto-venezia-2015\/\">Continua a leggere<span class=\"meta-nav\">&rarr;<\/span><\/a><\/p>\n","protected":false},"author":1,"featured_media":0,"comment_status":"open","ping_status":"open","sticky":false,"template":"","format":"standard","meta":{"footnotes":""},"categories":[4],"tags":[],"class_list":["post-2355","post","type-post","status-publish","format-standard","hentry","category-eventi"],"_links":{"self":[{"href":"https:\/\/www.biagiomarin.it\/home\/wp-json\/wp\/v2\/posts\/2355","targetHints":{"allow":["GET"]}}],"collection":[{"href":"https:\/\/www.biagiomarin.it\/home\/wp-json\/wp\/v2\/posts"}],"about":[{"href":"https:\/\/www.biagiomarin.it\/home\/wp-json\/wp\/v2\/types\/post"}],"author":[{"embeddable":true,"href":"https:\/\/www.biagiomarin.it\/home\/wp-json\/wp\/v2\/users\/1"}],"replies":[{"embeddable":true,"href":"https:\/\/www.biagiomarin.it\/home\/wp-json\/wp\/v2\/comments?post=2355"}],"version-history":[{"count":5,"href":"https:\/\/www.biagiomarin.it\/home\/wp-json\/wp\/v2\/posts\/2355\/revisions"}],"predecessor-version":[{"id":2362,"href":"https:\/\/www.biagiomarin.it\/home\/wp-json\/wp\/v2\/posts\/2355\/revisions\/2362"}],"wp:attachment":[{"href":"https:\/\/www.biagiomarin.it\/home\/wp-json\/wp\/v2\/media?parent=2355"}],"wp:term":[{"taxonomy":"category","embeddable":true,"href":"https:\/\/www.biagiomarin.it\/home\/wp-json\/wp\/v2\/categories?post=2355"},{"taxonomy":"post_tag","embeddable":true,"href":"https:\/\/www.biagiomarin.it\/home\/wp-json\/wp\/v2\/tags?post=2355"}],"curies":[{"name":"wp","href":"https:\/\/api.w.org\/{rel}","templated":true}]}}