{"id":2349,"date":"2015-09-04T16:26:29","date_gmt":"2015-09-04T14:26:29","guid":{"rendered":"http:\/\/www.biagiomarin.it\/home\/?p=2349"},"modified":"2015-10-10T17:07:10","modified_gmt":"2015-10-10T15:07:10","slug":"locandina-concerto-pasolini-marin","status":"publish","type":"post","link":"https:\/\/www.biagiomarin.it\/home\/eventi\/locandina-concerto-pasolini-marin\/","title":{"rendered":"Locandina Concerto Pasolini-Marin, 7 sett. 2015"},"content":{"rendered":"<p style=\"text-align: left;\"><a href=\"http:\/\/www.biagiomarin.it\/home\/wp-content\/uploads\/2015\/10\/00011.jpg\"><img loading=\"lazy\" decoding=\"async\" class=\"aligncenter size-large wp-image-2350\" src=\"http:\/\/www.biagiomarin.it\/home\/wp-content\/uploads\/2015\/10\/00011-724x1024.jpg\" alt=\"0001\" width=\"640\" height=\"905\" srcset=\"https:\/\/www.biagiomarin.it\/home\/wp-content\/uploads\/2015\/10\/00011-724x1024.jpg 724w, https:\/\/www.biagiomarin.it\/home\/wp-content\/uploads\/2015\/10\/00011-212x300.jpg 212w\" sizes=\"auto, (max-width: 640px) 100vw, 640px\" \/><\/a><\/p>\n<p align=\"JUSTIFY\">E&#8217; raffinato <span style=\"color: #800000;\">il melologo di Alessandro Grego<\/span> dedicato a P.P. Pasolini nel quarantennale della morte e a B. Marin nella prossimit\u00e0 dei trent&#8217;anni dalla scomparsa. L&#8217;omaggio a Pasolini il quale ha avvalorato pi\u00f9 di altri con le sue parole di critico la poesia di Marin, \u00e8 stato intessuto sui soli testi poetici mariniani. A. Grego \u00e8 autore sia della musica sia della drammaturgia, fondata su alcuni dei\u00a0<em> Canti de l&#8217;isola<\/em> conclusi dalla lettura integrale de\u00a0<em>El critoleo del corpo fracass\u00e0o<\/em>. In una prospettiva che il titolo del concerto esprime con chiarezza:\u00a0<strong><span style=\"color: #800000;\"><em>El mar xe un, co&#8217; le so tante onde<\/em><\/span>\u00a0<\/strong>, verso di chiusura del\u00a0<em>Critoleo<\/em>, la litania scritta da Marin per la morte di Pasolini.<br \/>\nInterpreti essenziali del melologo sono stati <span style=\"color: #800000;\">Massimo Somaglino<\/span> come voce recitante, <span style=\"color: #800000;\">Tatiana Donis<\/span> all&#8217;arpa, <span style=\"color: #800000;\">Elia Vigolo<\/span> al violino, e lo stesso A. Grego al sintetizzatore, con il suo universo di suoni del paesaggio gradese e con inserti di musica classica in dialogo. <strong><br \/>\n<\/strong>Il successo del concerto, sostenuto dal <strong>Comune di Grado<\/strong>, dalla <strong>Fondazione CaRiGo<\/strong> e dalla <strong>Cassa di Risparmio FVG,<\/strong> suggerisce e impone la replica e la registrazione multimediale. <b>ES<\/b><\/p>\n<p>&nbsp;<\/p>\n<p style=\"text-align: center;\"><strong><span style=\"color: #000080;\">********************<\/span><\/strong><\/p>\n","protected":false},"excerpt":{"rendered":"<p>E&#8217; raffinato il melologo di Alessandro Grego dedicato a P.P. Pasolini nel quarantennale della morte e a B. Marin nella prossimit\u00e0 dei trent&#8217;anni dalla scomparsa. L&#8217;omaggio a Pasolini il quale ha avvalorato pi\u00f9 di altri con le sue parole di &hellip; <a href=\"https:\/\/www.biagiomarin.it\/home\/eventi\/locandina-concerto-pasolini-marin\/\">Continua a leggere<span class=\"meta-nav\">&rarr;<\/span><\/a><\/p>\n","protected":false},"author":1,"featured_media":0,"comment_status":"open","ping_status":"open","sticky":false,"template":"","format":"standard","meta":{"footnotes":""},"categories":[15,4],"tags":[],"class_list":["post-2349","post","type-post","status-publish","format-standard","hentry","category-appuntamenti-eventi","category-eventi"],"_links":{"self":[{"href":"https:\/\/www.biagiomarin.it\/home\/wp-json\/wp\/v2\/posts\/2349","targetHints":{"allow":["GET"]}}],"collection":[{"href":"https:\/\/www.biagiomarin.it\/home\/wp-json\/wp\/v2\/posts"}],"about":[{"href":"https:\/\/www.biagiomarin.it\/home\/wp-json\/wp\/v2\/types\/post"}],"author":[{"embeddable":true,"href":"https:\/\/www.biagiomarin.it\/home\/wp-json\/wp\/v2\/users\/1"}],"replies":[{"embeddable":true,"href":"https:\/\/www.biagiomarin.it\/home\/wp-json\/wp\/v2\/comments?post=2349"}],"version-history":[{"count":4,"href":"https:\/\/www.biagiomarin.it\/home\/wp-json\/wp\/v2\/posts\/2349\/revisions"}],"predecessor-version":[{"id":2354,"href":"https:\/\/www.biagiomarin.it\/home\/wp-json\/wp\/v2\/posts\/2349\/revisions\/2354"}],"wp:attachment":[{"href":"https:\/\/www.biagiomarin.it\/home\/wp-json\/wp\/v2\/media?parent=2349"}],"wp:term":[{"taxonomy":"category","embeddable":true,"href":"https:\/\/www.biagiomarin.it\/home\/wp-json\/wp\/v2\/categories?post=2349"},{"taxonomy":"post_tag","embeddable":true,"href":"https:\/\/www.biagiomarin.it\/home\/wp-json\/wp\/v2\/tags?post=2349"}],"curies":[{"name":"wp","href":"https:\/\/api.w.org\/{rel}","templated":true}]}}