{"id":2265,"date":"2015-06-03T16:47:28","date_gmt":"2015-06-03T14:47:28","guid":{"rendered":"http:\/\/www.biagiomarin.it\/home\/?p=2265"},"modified":"2015-06-12T18:39:22","modified_gmt":"2015-06-12T16:39:22","slug":"virtualita-di-vlada-acquavita","status":"publish","type":"post","link":"https:\/\/www.biagiomarin.it\/home\/eventi\/virtualita-di-vlada-acquavita\/","title":{"rendered":"Virtualit\u00e0 di Vlada Acquavita"},"content":{"rendered":"<p><a href=\"http:\/\/www.biagiomarin.it\/home\/wp-content\/uploads\/2015\/06\/virtualita\u0300-acquavita-ma-15.jpeg\"><img loading=\"lazy\" decoding=\"async\" class=\"alignleft wp-image-2266 \" src=\"http:\/\/www.biagiomarin.it\/home\/wp-content\/uploads\/2015\/06\/virtualita\u0300-acquavita-ma-15-247x300.jpeg\" alt=\"virtualita\u0300 acquavita ma 15\" width=\"236\" height=\"404\" \/><\/a>Di Vlada Acquavita, poetessa di Buie, \u00e8 stata presentata di recente nella localit\u00e0 istriana un&#8217;edizione particolare dell&#8217;ultima sua opera <em>Virtualit\u00e0<\/em>, con presentazione di Edda Serra. <em>Virtualit\u00e0 <\/em>\u00e8 opera di narrativa, uscita postuma, che ha il pregio di rappresentare in una interessante lettura sinottica\u00a0 tre storie parallele che ci fanno assaporare la densit\u00e0 della storia istriana di secoli, paesaggio e umanit\u00e0, facendo perno a Buie. Costante sullo sfondo \u00e8 il paesaggio e la fedelt\u00e0 del rinnovarsi della natura. Sono i suoi temi, del primo libro di poesia, <em>La rosa selvaggia<\/em>, edito e premiato in Toscana, della seconda sua opera che ci rimanda ad un&#8217;Istria medioevale, <em>Erbario mistico<\/em>, edito e premiato a Fiume, opera audace di commistione di generi letterari, quasi frammenti di memoria e di peregrinazione nel suo mondo, raffinata.<\/p>\n<p>Nulla di <em>virtuale <\/em>nel senso attuale del termine \u00e8 nell&#8217;opera, ma solo potenzialit\u00e0 simbolica tesa a rappresentare il rinnovarsi delle condizioni esistenziali dell&#8217;umanit\u00e0 pur nel mutamento che il divenire della storia comporta e appare enorme, con il suo carico di sofferenza e di dramma. La continuit\u00e0 \u00e8 assicurata proprio dal mutamento.<br \/>\nNella pagina hanno evidenza parole si snodo che permettono di riprendere la lettura muovendosi da un racconto all&#8217;altro: da una storia buiese di riscatto di valori di fine Settecento alla rappresentazione dell&#8217;alienazione dell&#8217;uomo di fine Novecento, nella piazza di Buie, alla storia di lei, Vlada Acquavita, che all&#8217;alba del nuovo millennio ritrova come sempre andando nel paesaggio il suo nume poetico.<br \/>\nL&#8217;opera sar\u00e0 presentata a Grado nel quadro delle &#8220;<strong><span style=\"color: #993300;\">Serate in riva al mare<\/span><\/strong>&#8221; sulla terrazza della <span style=\"color: #993300;\">Biblioteca Civica Falco Marin<\/span>, <span style=\"color: #993300;\">Comune di Grado<\/span><strong>, <\/strong><span style=\"color: #993300;\">via Leonardo Da Vinci 20<\/span><strong>, <span style=\"color: #800000;\">mercoled\u00ec 17 giugno 2015<\/span> <span style=\"color: #800000;\">alle ore 19<\/span><\/strong>, con gli interventi di <strong>Edda Serra<\/strong> e di <strong>Rosanna Bubola<\/strong> del Dramma italiano di Fiume, la quale legger\u00e0 alcune pagine dell&#8217;opera di Vlada, accompagnata alla chitarra da <strong>Goran Franji\u010d<\/strong>.<\/p>\n<p>Il pubblico interessato \u00e8 cordialmente invitato. <strong>ES<\/strong><\/p>\n<p>Notizia: il volume \u00e8 stato stampato in 150 esemplari e alla sua realizzazione hanno contribuito: Istituto della Regione Istriana, Unione Italiana- Fiume, citt\u00e0 di Buie, Comunit\u00e0 italiana di Buie, Scuola elementare italiana &#8220;Edmondo De Amicis&#8221; di Buie.<br \/>\nIn copertina disegno di Luka Stoni\u010d, la veste grafica \u00e8 di Martina Siroti\u010d.<\/p>\n<p>Segue la prima pagina dell&#8217;opera.<\/p>\n<p><a href=\"http:\/\/www.biagiomarin.it\/home\/wp-content\/uploads\/2015\/06\/virtualita\u0300-acquavita-2-ma-15.jpeg\"><img loading=\"lazy\" decoding=\"async\" class=\"aligncenter wp-image-2272 size-large\" src=\"http:\/\/www.biagiomarin.it\/home\/wp-content\/uploads\/2015\/06\/virtualita\u0300-acquavita-2-ma-15-820x1024.jpeg\" alt=\"virtualita\u0300 acquavita 2 ma 15\" width=\"640\" height=\"799\" srcset=\"https:\/\/www.biagiomarin.it\/home\/wp-content\/uploads\/2015\/06\/virtualita\u0300-acquavita-2-ma-15-820x1024.jpeg 820w, https:\/\/www.biagiomarin.it\/home\/wp-content\/uploads\/2015\/06\/virtualita\u0300-acquavita-2-ma-15-240x300.jpeg 240w, https:\/\/www.biagiomarin.it\/home\/wp-content\/uploads\/2015\/06\/virtualita\u0300-acquavita-2-ma-15.jpeg 1448w\" sizes=\"auto, (max-width: 640px) 100vw, 640px\" \/><\/a><\/p>\n","protected":false},"excerpt":{"rendered":"<p>Di Vlada Acquavita, poetessa di Buie, \u00e8 stata presentata di recente nella localit\u00e0 istriana un&#8217;edizione particolare dell&#8217;ultima sua opera Virtualit\u00e0, con presentazione di Edda Serra. Virtualit\u00e0 \u00e8 opera di narrativa, uscita postuma, che ha il pregio di rappresentare in una &hellip; <a href=\"https:\/\/www.biagiomarin.it\/home\/eventi\/virtualita-di-vlada-acquavita\/\">Continua a leggere<span class=\"meta-nav\">&rarr;<\/span><\/a><\/p>\n","protected":false},"author":1,"featured_media":0,"comment_status":"open","ping_status":"open","sticky":false,"template":"","format":"standard","meta":{"footnotes":""},"categories":[19,4],"tags":[],"class_list":["post-2265","post","type-post","status-publish","format-standard","hentry","category-altre-pubblicazioni","category-eventi"],"_links":{"self":[{"href":"https:\/\/www.biagiomarin.it\/home\/wp-json\/wp\/v2\/posts\/2265","targetHints":{"allow":["GET"]}}],"collection":[{"href":"https:\/\/www.biagiomarin.it\/home\/wp-json\/wp\/v2\/posts"}],"about":[{"href":"https:\/\/www.biagiomarin.it\/home\/wp-json\/wp\/v2\/types\/post"}],"author":[{"embeddable":true,"href":"https:\/\/www.biagiomarin.it\/home\/wp-json\/wp\/v2\/users\/1"}],"replies":[{"embeddable":true,"href":"https:\/\/www.biagiomarin.it\/home\/wp-json\/wp\/v2\/comments?post=2265"}],"version-history":[{"count":14,"href":"https:\/\/www.biagiomarin.it\/home\/wp-json\/wp\/v2\/posts\/2265\/revisions"}],"predecessor-version":[{"id":2275,"href":"https:\/\/www.biagiomarin.it\/home\/wp-json\/wp\/v2\/posts\/2265\/revisions\/2275"}],"wp:attachment":[{"href":"https:\/\/www.biagiomarin.it\/home\/wp-json\/wp\/v2\/media?parent=2265"}],"wp:term":[{"taxonomy":"category","embeddable":true,"href":"https:\/\/www.biagiomarin.it\/home\/wp-json\/wp\/v2\/categories?post=2265"},{"taxonomy":"post_tag","embeddable":true,"href":"https:\/\/www.biagiomarin.it\/home\/wp-json\/wp\/v2\/tags?post=2265"}],"curies":[{"name":"wp","href":"https:\/\/api.w.org\/{rel}","templated":true}]}}