{"id":2100,"date":"2014-10-01T16:38:34","date_gmt":"2014-10-01T14:38:34","guid":{"rendered":"http:\/\/www.biagiomarin.it\/home\/?p=2100"},"modified":"2014-10-01T16:39:28","modified_gmt":"2014-10-01T14:39:28","slug":"incontro-a-gorizia-sul-carteggio-magris-marin","status":"publish","type":"post","link":"https:\/\/www.biagiomarin.it\/home\/appuntamenti-eventi\/incontro-a-gorizia-sul-carteggio-magris-marin\/","title":{"rendered":"Incontro a Gorizia sul carteggio Magris-Marin"},"content":{"rendered":"<p>Riceviamo dalla LEG l&#8217;invito alla presentazione del carteggio Magris-Marin &#8220;Ti devo tanto di ci\u00f2 che sono&#8221;, curato da Renzo Sanson, edito dalla Garzanti (2014).<\/p>\n<p align=\"CENTER\"><span style=\"font-family: Book Antiqua,serif;\"><span style=\"font-size: large;\"><b>LEG Edizioni srl<\/b><\/span><\/span><\/p>\n<p align=\"CENTER\"><span style=\"font-family: Book Antiqua,serif;\"><span style=\"font-size: large;\"><b>CORSO GIUSEPPE VERDI, 67 \u2013 GORIZIA<\/b><\/span><\/span><\/p>\n<p align=\"CENTER\"><span style=\"color: #000000;\"><span style=\"font-family: Book Antiqua,serif;\"><span style=\"font-size: large;\"><b>marted\u00ec 7 ottobre, alle ore 18<\/b><\/span><\/span><\/span><\/p>\n<p align=\"CENTER\"><span style=\"color: #000000;\"> <span style=\"font-size: x-large;\"><b><span style=\"font-family: Book Antiqua,serif;\"><span style=\"font-size: large;\">presentazione del volume<\/span><\/span><\/b><\/span><b><\/b><\/span><\/p>\n<p style=\"text-align: center;\"><span style=\"font-family: Book Antiqua,serif;\"><span style=\"font-size: large;\">\u201c<\/span><\/span><span style=\"font-family: Book Antiqua,serif;\"><span style=\"font-size: large;\">TI DEVO TANTO DI CIO&#8217; CHE SONO<\/span><\/span><span style=\"font-family: Book Antiqua,serif;\"><span style=\"font-size: large;\">\u201d<\/span><\/span><\/p>\n<p style=\"text-align: center;\" align=\"CENTER\"><span style=\"color: #000000;\"><span style=\"font-family: Book Antiqua,serif;\"><span style=\"font-size: large;\"><b>Carteggio tra Claudio Magris e Biagio Marin<\/b><\/span><\/span><\/span><\/p>\n<p><span style=\"color: #000000;\"><span style=\"font-family: Helvetica,Arial,sans-serif;\"><span style=\"font-size: medium;\"><br \/>\nUna storia d\u2019amicizia tra due grandi, Marin e Magris, l&#8217;uno della poesia e l&#8217;altro della letteratura. Questo quanto si evince dal bellissimo carteggio che Renzo Sanson ha curato per Garzanti. \u201cTi devo tanto di ci\u00f2 che sono\u201d sar\u00e0 presentato <\/span><\/span><\/span><span style=\"color: #000000;\"><span style=\"font-family: Helvetica,Arial,sans-serif;\"><span style=\"font-size: medium;\"><b>marted\u00ec 7 ottobre alle 18<\/b><\/span><\/span><\/span><span style=\"color: #000000;\"><span style=\"font-family: Helvetica,Arial,sans-serif;\"><span style=\"font-size: medium;\">. <\/span><\/span><\/span><span style=\"color: #000000;\"><span style=\"font-family: Arial,Helvetica,sans-serif;\"><span style=\"font-size: medium;\">Faceva ancora il liceo Claudio Magris quando nella Trieste degli anni Cinquanta conobbe Biagio Marin, figura leggendaria di intellettuale e maestro, ma soprattutto poeta luminoso. Il quasi mezzo secolo di et\u00e0 che li separava non imped\u00ec lo sbocciare di un&#8217;amicizia, coltivata per quasi trent&#8217;anni attraverso incontri e, sempre pi\u00f9 frequentemente, lettere. Gli scambi tra i due testimoniano di un rapporto tra allievo e maestro fatto di stima e ammirazione.<\/span><\/span><\/span><span style=\"color: #000000;\"><span style=\"font-family: Helvetica,Arial,sans-serif;\"><span style=\"font-size: medium;\">Con il <\/span><\/span><\/span><span style=\"color: #000000;\"><span style=\"font-family: Helvetica,Arial,sans-serif;\"><span style=\"font-size: medium;\"><b>curatore Renzo Sanson<\/b><\/span><\/span><\/span><span style=\"color: #000000;\"><span style=\"font-family: Helvetica,Arial,sans-serif;\"><span style=\"font-size: medium;\"> converseranno la dott.ssa <\/span><\/span><\/span><span style=\"color: #000000;\"><span style=\"font-family: Helvetica,Arial,sans-serif;\"><span style=\"font-size: medium;\"><b>Edda Serra<\/b><\/span><\/span><\/span><span style=\"color: #000000;\"><span style=\"font-family: Helvetica,Arial,sans-serif;\"><span style=\"font-size: medium;\"> e il dott. <\/span><\/span><\/span><span style=\"color: #000000;\"><span style=\"font-family: Helvetica,Arial,sans-serif;\"><span style=\"font-size: medium;\"><b>Marco Menato<\/b><\/span><\/span><\/span><span style=\"color: #000000;\"><span style=\"font-family: Helvetica,Arial,sans-serif;\"><span style=\"font-size: medium;\">. <\/span><\/span><\/span><span style=\"color: #000000;\"><span style=\"font-family: Helvetica,Arial,sans-serif;\"><span style=\"font-size: medium;\">Le letture sono a cura di <\/span><\/span><\/span><span style=\"color: #000000;\"><span style=\"font-family: Helvetica,Arial,sans-serif;\"><span style=\"font-size: medium;\"><b>Maia Monzani<\/b><\/span><\/span><\/span><span style=\"color: #000000;\"><span style=\"font-family: Helvetica,Arial,sans-serif;\"><span style=\"font-size: medium;\">. L\u2019incontro \u00e8 organizzato in collaborazione con la Biblioteca Statale Isontina, il Centro Studi Biagio Marin e la societ\u00e0 Dante Alighieri.<\/span><\/span><\/span><\/p>\n<p><span style=\"color: #141823;\">Ingresso libero<\/span><\/p>\n<p align=\"JUSTIFY\"><span style=\"font-family: Book Antiqua,serif;\"><span style=\"font-size: xx-small;\"><span style=\"text-decoration: underline;\">Informazioni<\/span><\/span><\/span><span style=\"font-family: Book Antiqua,serif;\"><span style=\"font-size: xx-small;\">: LEG Edizioni srl tel: 0481.33776, e-mail: <\/span><\/span><span style=\"color: #0000ff;\"><span style=\"text-decoration: underline;\"><a href=\"mailto:leg@leg.it\"><span style=\"font-family: Book Antiqua,serif;\">leg@leg.it<\/span><\/a><\/span><\/span><\/p>\n","protected":false},"excerpt":{"rendered":"<p>Riceviamo dalla LEG l&#8217;invito alla presentazione del carteggio Magris-Marin &#8220;Ti devo tanto di ci\u00f2 che sono&#8221;, curato da Renzo Sanson, edito dalla Garzanti (2014). LEG Edizioni srl CORSO GIUSEPPE VERDI, 67 \u2013 GORIZIA marted\u00ec 7 ottobre, alle ore 18 presentazione &hellip; <a href=\"https:\/\/www.biagiomarin.it\/home\/appuntamenti-eventi\/incontro-a-gorizia-sul-carteggio-magris-marin\/\">Continua a leggere<span class=\"meta-nav\">&rarr;<\/span><\/a><\/p>\n","protected":false},"author":1,"featured_media":0,"comment_status":"open","ping_status":"open","sticky":false,"template":"","format":"standard","meta":{"footnotes":""},"categories":[15],"tags":[],"class_list":["post-2100","post","type-post","status-publish","format-standard","hentry","category-appuntamenti-eventi"],"_links":{"self":[{"href":"https:\/\/www.biagiomarin.it\/home\/wp-json\/wp\/v2\/posts\/2100","targetHints":{"allow":["GET"]}}],"collection":[{"href":"https:\/\/www.biagiomarin.it\/home\/wp-json\/wp\/v2\/posts"}],"about":[{"href":"https:\/\/www.biagiomarin.it\/home\/wp-json\/wp\/v2\/types\/post"}],"author":[{"embeddable":true,"href":"https:\/\/www.biagiomarin.it\/home\/wp-json\/wp\/v2\/users\/1"}],"replies":[{"embeddable":true,"href":"https:\/\/www.biagiomarin.it\/home\/wp-json\/wp\/v2\/comments?post=2100"}],"version-history":[{"count":3,"href":"https:\/\/www.biagiomarin.it\/home\/wp-json\/wp\/v2\/posts\/2100\/revisions"}],"predecessor-version":[{"id":2103,"href":"https:\/\/www.biagiomarin.it\/home\/wp-json\/wp\/v2\/posts\/2100\/revisions\/2103"}],"wp:attachment":[{"href":"https:\/\/www.biagiomarin.it\/home\/wp-json\/wp\/v2\/media?parent=2100"}],"wp:term":[{"taxonomy":"category","embeddable":true,"href":"https:\/\/www.biagiomarin.it\/home\/wp-json\/wp\/v2\/categories?post=2100"},{"taxonomy":"post_tag","embeddable":true,"href":"https:\/\/www.biagiomarin.it\/home\/wp-json\/wp\/v2\/tags?post=2100"}],"curies":[{"name":"wp","href":"https:\/\/api.w.org\/{rel}","templated":true}]}}