{"id":2022,"date":"2014-07-16T19:23:35","date_gmt":"2014-07-16T17:23:35","guid":{"rendered":"http:\/\/www.biagiomarin.it\/home\/?p=2022"},"modified":"2014-07-17T19:23:58","modified_gmt":"2014-07-17T17:23:58","slug":"parole-essenziali-un-sillabario-di-giovanni-tesio","status":"publish","type":"post","link":"https:\/\/www.biagiomarin.it\/home\/altre-pubblicazioni\/parole-essenziali-un-sillabario-di-giovanni-tesio\/","title":{"rendered":"Parole essenziali &#8211; un sillabario di Giovanni Tesio"},"content":{"rendered":"<p><a href=\"http:\/\/www.biagiomarin.it\/home\/wp-content\/uploads\/2014\/07\/tesio.jpeg\"><img loading=\"lazy\" decoding=\"async\" class=\"alignleft size-medium wp-image-2023\" alt=\"tesio\" src=\"http:\/\/www.biagiomarin.it\/home\/wp-content\/uploads\/2014\/07\/tesio-215x300.jpeg\" width=\"215\" height=\"341\" \/><\/a><\/p>\n<p>Giovanni Tesio che appartiene al mondo accademico italiano da pi\u00f9 lustri, ed \u00e8 fedele cultore della poesia in dialetto, lo ricordiamo anche come componente della giura del Premio Nazionale di poesia Biagio Marin (accanto a Pietro Gibellini, Franco Loi, Gianni Oliva), ci presenta oggi un originale volumetto &#8220;Parole essenziali. Un sillabario&#8221; nelle edizioni di Interlinea, 2014. Per ogni lettera dell&#8217;alfabeto, con esclusione di f, o, q, z, sono indagati o semplicemente esemplificati alcuni modi di essere dell&#8217;uomo contemporaneo.<\/p>\n<p>&nbsp;<\/p>\n<p>Fra le altre riflessioni penso sia da citare quella relativa alla voce &#8220;Mediocrit\u00e0&#8221;, in cui ci riporta un passo di Giacomo Leopardi da &#8220;Dialogo di Tristano e di un amico&#8221;:<br \/>\n&#8220;Mi diceva, pochi giorni sono, un mio Amico, uomo di maneggi e di faccende, che anche la mediocrit\u00e0 \u00e8 divenuta rarissima; quasi tutti sono inetti, quasi tutti insufficienti a quegli uffici o a quegli esercizi a cui necessit\u00e0 o fortuna o elezione gli ha destinati (&#8230;) in questo [secolo ha tenuto il campo] la nullit\u00e0. Onde \u00e8 tale il romore e la confusione, volendo tutti essere tutto, che non si fa nessuna attenzione ai pochi grandi che pure credo che vi sieno (&#8230;) mentre tutti gli infimi si credono illustri, l&#8217;oscurit\u00e0 e la nullit\u00e0 dell&#8217;esito diviene il fato comune e degli infimi e dei sommi.&#8221;<\/p>\n","protected":false},"excerpt":{"rendered":"<p>Giovanni Tesio che appartiene al mondo accademico italiano da pi\u00f9 lustri, ed \u00e8 fedele cultore della poesia in dialetto, lo ricordiamo anche come componente della giura del Premio Nazionale di poesia Biagio Marin (accanto a Pietro Gibellini, Franco Loi, Gianni &hellip; <a href=\"https:\/\/www.biagiomarin.it\/home\/altre-pubblicazioni\/parole-essenziali-un-sillabario-di-giovanni-tesio\/\">Continua a leggere<span class=\"meta-nav\">&rarr;<\/span><\/a><\/p>\n","protected":false},"author":1,"featured_media":0,"comment_status":"open","ping_status":"open","sticky":false,"template":"","format":"standard","meta":{"footnotes":""},"categories":[19],"tags":[],"class_list":["post-2022","post","type-post","status-publish","format-standard","hentry","category-altre-pubblicazioni"],"_links":{"self":[{"href":"https:\/\/www.biagiomarin.it\/home\/wp-json\/wp\/v2\/posts\/2022","targetHints":{"allow":["GET"]}}],"collection":[{"href":"https:\/\/www.biagiomarin.it\/home\/wp-json\/wp\/v2\/posts"}],"about":[{"href":"https:\/\/www.biagiomarin.it\/home\/wp-json\/wp\/v2\/types\/post"}],"author":[{"embeddable":true,"href":"https:\/\/www.biagiomarin.it\/home\/wp-json\/wp\/v2\/users\/1"}],"replies":[{"embeddable":true,"href":"https:\/\/www.biagiomarin.it\/home\/wp-json\/wp\/v2\/comments?post=2022"}],"version-history":[{"count":2,"href":"https:\/\/www.biagiomarin.it\/home\/wp-json\/wp\/v2\/posts\/2022\/revisions"}],"predecessor-version":[{"id":2025,"href":"https:\/\/www.biagiomarin.it\/home\/wp-json\/wp\/v2\/posts\/2022\/revisions\/2025"}],"wp:attachment":[{"href":"https:\/\/www.biagiomarin.it\/home\/wp-json\/wp\/v2\/media?parent=2022"}],"wp:term":[{"taxonomy":"category","embeddable":true,"href":"https:\/\/www.biagiomarin.it\/home\/wp-json\/wp\/v2\/categories?post=2022"},{"taxonomy":"post_tag","embeddable":true,"href":"https:\/\/www.biagiomarin.it\/home\/wp-json\/wp\/v2\/tags?post=2022"}],"curies":[{"name":"wp","href":"https:\/\/api.w.org\/{rel}","templated":true}]}}