{"id":1951,"date":"2014-06-20T12:41:59","date_gmt":"2014-06-20T10:41:59","guid":{"rendered":"http:\/\/www.biagiomarin.it\/home\/?p=1951"},"modified":"2014-06-28T12:47:59","modified_gmt":"2014-06-28T10:47:59","slug":"canta-la-piera","status":"publish","type":"post","link":"https:\/\/www.biagiomarin.it\/home\/altre-pubblicazioni\/canta-la-piera\/","title":{"rendered":"Canta la piera"},"content":{"rendered":"<p style=\"text-align: left;\"><a href=\"http:\/\/www.biagiomarin.it\/home\/wp-content\/uploads\/2014\/06\/Canta-la-piera.jpeg\"><img loading=\"lazy\" decoding=\"async\" class=\"alignleft size-medium wp-image-1952\" alt=\"Canta la piera\" src=\"http:\/\/www.biagiomarin.it\/home\/wp-content\/uploads\/2014\/06\/Canta-la-piera-208x300.jpeg\" width=\"208\" height=\"300\" srcset=\"https:\/\/www.biagiomarin.it\/home\/wp-content\/uploads\/2014\/06\/Canta-la-piera-208x300.jpeg 208w, https:\/\/www.biagiomarin.it\/home\/wp-content\/uploads\/2014\/06\/Canta-la-piera-712x1024.jpeg 712w\" sizes=\"auto, (max-width: 208px) 100vw, 208px\" \/><\/a><\/p>\n<p style=\"text-align: left;\">Edito da &#8220;La bavisela&#8221; \u00e8 il volumetto <strong>Canta la piera <\/strong>(2012), raccolta di poesie di Maria Marchesan Lauto &#8220;Dei Stiata&#8221;, che ha in copertina la riproduzione della statua di Biagio Marin, in marmo bianco di Carrara, collocata nel parco di Grado Imprese Turistiche. Il busto di Marin inquadrato in una finestra guarda all&#8217;orizzonte e ben simboleggia i versi del poeta di Grado. Anche se non apprezzata da tutti la statua pur bella rappresenta bene l&#8217;eredit\u00e0 che Marin ha lasciato ai lettori, in questo caso a Maria Lauto, che di Marin \u00e8 stata per anni ammiratrice e amica, avendone una lezione per sempre.<\/p>\n<p style=\"text-align: left;\">Sulla scorta della sua frequentazione, ispirandosi alla statua, Maria Lauto d\u00e0 vita alla sua vena poetica, a noi gi\u00e0 nota da tempo e qui \u00e8 esplicitamente interpretativa della lezione mariniana.<br \/>\nL&#8217;omaggio di Maria Lauto \u00e8 arricchito di alcune fotografie e, cosa preziosa, da una introduzione dedicata alla prof.ssa Mila Tarlao Kiefer, altra studiosa e amica del mondo mariniano e del dialetto di Grado: \u00e8 una intervista di Domenico Lauto che continua cos\u00ec il culto della civilt\u00e0 gradese. ES<\/p>\n","protected":false},"excerpt":{"rendered":"<p>Edito da &#8220;La bavisela&#8221; \u00e8 il volumetto Canta la piera (2012), raccolta di poesie di Maria Marchesan Lauto &#8220;Dei Stiata&#8221;, che ha in copertina la riproduzione della statua di Biagio Marin, in marmo bianco di Carrara, collocata nel parco di &hellip; <a href=\"https:\/\/www.biagiomarin.it\/home\/altre-pubblicazioni\/canta-la-piera\/\">Continua a leggere<span class=\"meta-nav\">&rarr;<\/span><\/a><\/p>\n","protected":false},"author":1,"featured_media":0,"comment_status":"open","ping_status":"open","sticky":false,"template":"","format":"standard","meta":{"footnotes":""},"categories":[19],"tags":[],"class_list":["post-1951","post","type-post","status-publish","format-standard","hentry","category-altre-pubblicazioni"],"_links":{"self":[{"href":"https:\/\/www.biagiomarin.it\/home\/wp-json\/wp\/v2\/posts\/1951","targetHints":{"allow":["GET"]}}],"collection":[{"href":"https:\/\/www.biagiomarin.it\/home\/wp-json\/wp\/v2\/posts"}],"about":[{"href":"https:\/\/www.biagiomarin.it\/home\/wp-json\/wp\/v2\/types\/post"}],"author":[{"embeddable":true,"href":"https:\/\/www.biagiomarin.it\/home\/wp-json\/wp\/v2\/users\/1"}],"replies":[{"embeddable":true,"href":"https:\/\/www.biagiomarin.it\/home\/wp-json\/wp\/v2\/comments?post=1951"}],"version-history":[{"count":10,"href":"https:\/\/www.biagiomarin.it\/home\/wp-json\/wp\/v2\/posts\/1951\/revisions"}],"predecessor-version":[{"id":1961,"href":"https:\/\/www.biagiomarin.it\/home\/wp-json\/wp\/v2\/posts\/1951\/revisions\/1961"}],"wp:attachment":[{"href":"https:\/\/www.biagiomarin.it\/home\/wp-json\/wp\/v2\/media?parent=1951"}],"wp:term":[{"taxonomy":"category","embeddable":true,"href":"https:\/\/www.biagiomarin.it\/home\/wp-json\/wp\/v2\/categories?post=1951"},{"taxonomy":"post_tag","embeddable":true,"href":"https:\/\/www.biagiomarin.it\/home\/wp-json\/wp\/v2\/tags?post=1951"}],"curies":[{"name":"wp","href":"https:\/\/api.w.org\/{rel}","templated":true}]}}