{"id":1944,"date":"2014-06-21T16:37:47","date_gmt":"2014-06-21T14:37:47","guid":{"rendered":"http:\/\/www.biagiomarin.it\/home\/?p=1944"},"modified":"2014-06-21T16:37:47","modified_gmt":"2014-06-21T14:37:47","slug":"ti-devo-tanto-di-cio-che-sono-carteggio-claudio-magris-biagio-marin","status":"publish","type":"post","link":"https:\/\/www.biagiomarin.it\/home\/eventi\/ti-devo-tanto-di-cio-che-sono-carteggio-claudio-magris-biagio-marin\/","title":{"rendered":"Ti devo tanto di ci\u00f2 che sono. Carteggio Claudio Magris &#8211; Biagio Marin)"},"content":{"rendered":"<p><a href=\"http:\/\/www.biagiomarin.it\/home\/wp-content\/uploads\/2014\/06\/Ti-devo-tanto-di-cio\u0300-che-sono.jpeg\"><img loading=\"lazy\" decoding=\"async\" class=\"alignleft size-medium wp-image-1945\" alt=\"Ti devo tanto di cio\u0300 che sono\" src=\"http:\/\/www.biagiomarin.it\/home\/wp-content\/uploads\/2014\/06\/Ti-devo-tanto-di-cio\u0300-che-sono-189x300.jpeg\" width=\"189\" height=\"300\" srcset=\"https:\/\/www.biagiomarin.it\/home\/wp-content\/uploads\/2014\/06\/Ti-devo-tanto-di-cio\u0300-che-sono-189x300.jpeg 189w, https:\/\/www.biagiomarin.it\/home\/wp-content\/uploads\/2014\/06\/Ti-devo-tanto-di-cio\u0300-che-sono-647x1024.jpeg 647w, https:\/\/www.biagiomarin.it\/home\/wp-content\/uploads\/2014\/06\/Ti-devo-tanto-di-cio\u0300-che-sono.jpeg 1644w\" sizes=\"auto, (max-width: 189px) 100vw, 189px\" \/><\/a>La recente pubblicazione del carteggio che vede protagonisti due grandi del &#8216;900 europeo, a cura di Renzo Sanson, si rivela decisamente importante per la conoscenza dei due autori, ma anche per la testimonianza della storia della cultura di una citt\u00e0, Trieste, e di una letteratura, italiana e mitteleuropea. Il volume, gi\u00e0 presentato alla Fiera del libro di Torino, sar\u00e0 presentato <span style=\"color: #800000;\">a Grado il<\/span> <span style=\"color: #800000;\">30 giugno prossimo\u00a0<span style=\"color: #000000;\">per onorare il poeta nell&#8217;anniversario della nascita. A parlarne saranno, presentati da Edda Serra, la prof.ssa Cristina Benussi e il curatore Renzo Sanson.<br \/>\nL&#8217;appuntamento \u00e8 alle <span style=\"color: #800000;\">ore 18.00 nella Casa della musica<\/span>, appena aperta al pubblico dopo un restauro di anni. La cornice dell&#8217;evento ricompatta Marin alla storia pi\u00f9 antica di Grado. ES<br \/>\n<\/span><\/span><\/p>\n","protected":false},"excerpt":{"rendered":"<p>La recente pubblicazione del carteggio che vede protagonisti due grandi del &#8216;900 europeo, a cura di Renzo Sanson, si rivela decisamente importante per la conoscenza dei due autori, ma anche per la testimonianza della storia della cultura di una citt\u00e0, &hellip; <a href=\"https:\/\/www.biagiomarin.it\/home\/eventi\/ti-devo-tanto-di-cio-che-sono-carteggio-claudio-magris-biagio-marin\/\">Continua a leggere<span class=\"meta-nav\">&rarr;<\/span><\/a><\/p>\n","protected":false},"author":1,"featured_media":0,"comment_status":"open","ping_status":"open","sticky":false,"template":"","format":"standard","meta":{"footnotes":""},"categories":[19,4],"tags":[],"class_list":["post-1944","post","type-post","status-publish","format-standard","hentry","category-altre-pubblicazioni","category-eventi"],"_links":{"self":[{"href":"https:\/\/www.biagiomarin.it\/home\/wp-json\/wp\/v2\/posts\/1944","targetHints":{"allow":["GET"]}}],"collection":[{"href":"https:\/\/www.biagiomarin.it\/home\/wp-json\/wp\/v2\/posts"}],"about":[{"href":"https:\/\/www.biagiomarin.it\/home\/wp-json\/wp\/v2\/types\/post"}],"author":[{"embeddable":true,"href":"https:\/\/www.biagiomarin.it\/home\/wp-json\/wp\/v2\/users\/1"}],"replies":[{"embeddable":true,"href":"https:\/\/www.biagiomarin.it\/home\/wp-json\/wp\/v2\/comments?post=1944"}],"version-history":[{"count":4,"href":"https:\/\/www.biagiomarin.it\/home\/wp-json\/wp\/v2\/posts\/1944\/revisions"}],"predecessor-version":[{"id":1949,"href":"https:\/\/www.biagiomarin.it\/home\/wp-json\/wp\/v2\/posts\/1944\/revisions\/1949"}],"wp:attachment":[{"href":"https:\/\/www.biagiomarin.it\/home\/wp-json\/wp\/v2\/media?parent=1944"}],"wp:term":[{"taxonomy":"category","embeddable":true,"href":"https:\/\/www.biagiomarin.it\/home\/wp-json\/wp\/v2\/categories?post=1944"},{"taxonomy":"post_tag","embeddable":true,"href":"https:\/\/www.biagiomarin.it\/home\/wp-json\/wp\/v2\/tags?post=1944"}],"curies":[{"name":"wp","href":"https:\/\/api.w.org\/{rel}","templated":true}]}}