{"id":1919,"date":"2014-05-03T12:34:04","date_gmt":"2014-05-03T10:34:04","guid":{"rendered":"http:\/\/www.biagiomarin.it\/home\/?p=1919"},"modified":"2014-05-03T12:35:48","modified_gmt":"2014-05-03T10:35:48","slug":"corrispondenza-magris-marin","status":"publish","type":"post","link":"https:\/\/www.biagiomarin.it\/home\/news\/corrispondenza-magris-marin\/","title":{"rendered":"Corrispondenza Magris &#8211; Marin"},"content":{"rendered":"<p><a href=\"http:\/\/www.biagiomarin.it\/home\/wp-content\/uploads\/2014\/05\/IL-PICCOLO-2.jpg\"><img loading=\"lazy\" decoding=\"async\" class=\"aligncenter size-large wp-image-1920\" alt=\"IL PICCOLO - 2\" src=\"http:\/\/www.biagiomarin.it\/home\/wp-content\/uploads\/2014\/05\/IL-PICCOLO-2-744x1024.jpg\" width=\"640\" height=\"880\" srcset=\"https:\/\/www.biagiomarin.it\/home\/wp-content\/uploads\/2014\/05\/IL-PICCOLO-2-744x1024.jpg 744w, https:\/\/www.biagiomarin.it\/home\/wp-content\/uploads\/2014\/05\/IL-PICCOLO-2-218x300.jpg 218w, https:\/\/www.biagiomarin.it\/home\/wp-content\/uploads\/2014\/05\/IL-PICCOLO-2.jpg 1791w\" sizes=\"auto, (max-width: 640px) 100vw, 640px\" \/><\/a><\/p>\n<p>Ci permettiamo di utilizzare parte del paginone de &#8220;Il Piccolo&#8221; di Trieste in data 27 aprile 2014 per segnalare un evento eccezionale, particolarmente caro a chi si dedica alla cultura del &#8216;900 giuliano e la ama: interesser\u00e0 gli storici, i cultori della poesia, i cultori della letteratura italiana e della Mitteleuropa.<br \/>\nIl messaggio di Marin \u00e8 tuttora molto vivo per i cittadini di oggi.<br \/>\nLa pubblicazione delle lettere (1958- 1985) da parte dell&#8217;editore Garzanti \u00e8 stata messa in rilievo anche da il &#8220;Corriere della Sera&#8221; con un altro paginone in data 30 aprile 2014;<span style=\"color: #800000;\"> il libro sar\u00e0 presentato alla Fiera del libro di Torino in data 9 maggio, ore 16.30.<\/span><br \/>\nA curare la pubblicazione \u00e8 Renzo Sanson, gi\u00e0 autore di saggi su Marin e di una edizione ridotta delle &#8220;Elegie istriane&#8221;, nonch\u00e8 giornalista de &#8220;Il Piccolo&#8221; nelle pagine della Cultura. Il saggio introduttivo del carteggio reca il titolo di &#8220;Canto e controcanto&#8221;.<\/p>\n<p>Bello \u00e8 il confronto tra due intellettuali, diventato rapporto d&#8217;anima, appartenenti a generazioni evidentemente distanti. La lezione della cultura non conosce tempo.\u00a0 <strong>ES<\/strong><\/p>\n","protected":false},"excerpt":{"rendered":"<p>Ci permettiamo di utilizzare parte del paginone de &#8220;Il Piccolo&#8221; di Trieste in data 27 aprile 2014 per segnalare un evento eccezionale, particolarmente caro a chi si dedica alla cultura del &#8216;900 giuliano e la ama: interesser\u00e0 gli storici, i &hellip; <a href=\"https:\/\/www.biagiomarin.it\/home\/news\/corrispondenza-magris-marin\/\">Continua a leggere<span class=\"meta-nav\">&rarr;<\/span><\/a><\/p>\n","protected":false},"author":1,"featured_media":0,"comment_status":"open","ping_status":"open","sticky":false,"template":"","format":"standard","meta":{"footnotes":""},"categories":[5],"tags":[],"class_list":["post-1919","post","type-post","status-publish","format-standard","hentry","category-news"],"_links":{"self":[{"href":"https:\/\/www.biagiomarin.it\/home\/wp-json\/wp\/v2\/posts\/1919","targetHints":{"allow":["GET"]}}],"collection":[{"href":"https:\/\/www.biagiomarin.it\/home\/wp-json\/wp\/v2\/posts"}],"about":[{"href":"https:\/\/www.biagiomarin.it\/home\/wp-json\/wp\/v2\/types\/post"}],"author":[{"embeddable":true,"href":"https:\/\/www.biagiomarin.it\/home\/wp-json\/wp\/v2\/users\/1"}],"replies":[{"embeddable":true,"href":"https:\/\/www.biagiomarin.it\/home\/wp-json\/wp\/v2\/comments?post=1919"}],"version-history":[{"count":6,"href":"https:\/\/www.biagiomarin.it\/home\/wp-json\/wp\/v2\/posts\/1919\/revisions"}],"predecessor-version":[{"id":1925,"href":"https:\/\/www.biagiomarin.it\/home\/wp-json\/wp\/v2\/posts\/1919\/revisions\/1925"}],"wp:attachment":[{"href":"https:\/\/www.biagiomarin.it\/home\/wp-json\/wp\/v2\/media?parent=1919"}],"wp:term":[{"taxonomy":"category","embeddable":true,"href":"https:\/\/www.biagiomarin.it\/home\/wp-json\/wp\/v2\/categories?post=1919"},{"taxonomy":"post_tag","embeddable":true,"href":"https:\/\/www.biagiomarin.it\/home\/wp-json\/wp\/v2\/tags?post=1919"}],"curies":[{"name":"wp","href":"https:\/\/api.w.org\/{rel}","templated":true}]}}