{"id":1516,"date":"2012-10-04T13:20:49","date_gmt":"2012-10-04T11:20:49","guid":{"rendered":"http:\/\/www.biagiomarin.it\/home\/?p=1516"},"modified":"2013-01-12T13:10:38","modified_gmt":"2013-01-12T11:10:38","slug":"convegno-di-udine-ottobre-3-4-2012","status":"publish","type":"post","link":"https:\/\/www.biagiomarin.it\/home\/eventi\/convegno-di-udine-ottobre-3-4-2012\/","title":{"rendered":"Convegno di Udine (ottobre 3-4, 2012)"},"content":{"rendered":"<p><a href=\"http:\/\/www.biagiomarin.it\/home\/wp-content\/uploads\/2012\/12\/convegno-di-Udine.jpg\"><img loading=\"lazy\" decoding=\"async\" class=\"wp-image-1517 alignleft\" title=\"convegno di Udine\" src=\"http:\/\/www.biagiomarin.it\/home\/wp-content\/uploads\/2012\/12\/convegno-di-Udine.jpg\" alt=\"\" width=\"239\" height=\"594\" \/><\/a>A cent&#8217;anni dalla pubblicazione di <em>Fiuri de tapo<\/em>,\u00a0organizzato dall&#8217;Universit\u00e0 di Udine e in collaborazione con il CSBM, si \u00e8 tenuto a inizio ottobre il convegno intitolato <em>Paesaggi di Biagio Marin<\/em>, <em>tra prosa e poesia<\/em>. L&#8217;incontro sulla problematica a tutto campo inerente la poesia e l&#8217;attivit\u00e0 di Biagio Marin ha avuto protagonisti voci gi\u00e0 note e voci giovani di cultori di cose mariniane. Si \u00e8 avuto cos\u00ec un significativo aggiornamento dello stato degli studi intorno alle cose mariniane partendo dal paesaggio di Grado, la lingua, la storia, la poetica, l&#8217;interpretazione delle opere, la configurazione del linguaggio, le pubblicazioni pi\u00f9 recenti fino ad arrivare all&#8217;annuncio della prossima antologia minima destinata alla scuola.<\/p>\n<p>Ne hanno parlato per ordine: Edda Serra, Carla Marcato, Giampaolo Borghello, Elvio Guagnini, Antonio Daniele, Fabiana di Brazz\u00e0, Lisa Gasparotto, Marco Zambon, Gianni Cimador, Mario Liberale, Fulvio Salimbeni, Pericle Camuffo, Franca Battigelli, S. Cerneaz, Rodolfo Zucco, S. Minguzzi, Marco Giovanetti, Fabio Russo, Roberto Norbedo.<\/p>\n<p style=\"text-align: left;\">L&#8217;aggiornamento pi\u00f9 significativo \u00e8 dato in parte dalla diversit\u00e0 di approccio delle opere gi\u00e0 note di Marin, in parte dalla presenza e dall&#8217;annuncio di nuove pubblicazioni mariniane, tra le quali gli <em>Scritti Goriziani<\/em>; e dalla sottolineatura dell&#8217;importanza dell&#8217;esperienza vociana del 1911 a Firenze nell&#8217;ambito di tutto l&#8217;itinerario del poeta\u00a0 (Pericle Camuffo). <strong>ES<\/strong><\/p>\n","protected":false},"excerpt":{"rendered":"<p>A cent&#8217;anni dalla pubblicazione di Fiuri de tapo,\u00a0organizzato dall&#8217;Universit\u00e0 di Udine e in collaborazione con il CSBM, si \u00e8 tenuto a inizio ottobre il convegno intitolato Paesaggi di Biagio Marin, tra prosa e poesia. L&#8217;incontro sulla problematica a tutto campo &hellip; <a href=\"https:\/\/www.biagiomarin.it\/home\/eventi\/convegno-di-udine-ottobre-3-4-2012\/\">Continua a leggere<span class=\"meta-nav\">&rarr;<\/span><\/a><\/p>\n","protected":false},"author":1,"featured_media":0,"comment_status":"open","ping_status":"open","sticky":false,"template":"","format":"standard","meta":{"footnotes":""},"categories":[4],"tags":[],"class_list":["post-1516","post","type-post","status-publish","format-standard","hentry","category-eventi"],"_links":{"self":[{"href":"https:\/\/www.biagiomarin.it\/home\/wp-json\/wp\/v2\/posts\/1516","targetHints":{"allow":["GET"]}}],"collection":[{"href":"https:\/\/www.biagiomarin.it\/home\/wp-json\/wp\/v2\/posts"}],"about":[{"href":"https:\/\/www.biagiomarin.it\/home\/wp-json\/wp\/v2\/types\/post"}],"author":[{"embeddable":true,"href":"https:\/\/www.biagiomarin.it\/home\/wp-json\/wp\/v2\/users\/1"}],"replies":[{"embeddable":true,"href":"https:\/\/www.biagiomarin.it\/home\/wp-json\/wp\/v2\/comments?post=1516"}],"version-history":[{"count":6,"href":"https:\/\/www.biagiomarin.it\/home\/wp-json\/wp\/v2\/posts\/1516\/revisions"}],"predecessor-version":[{"id":1528,"href":"https:\/\/www.biagiomarin.it\/home\/wp-json\/wp\/v2\/posts\/1516\/revisions\/1528"}],"wp:attachment":[{"href":"https:\/\/www.biagiomarin.it\/home\/wp-json\/wp\/v2\/media?parent=1516"}],"wp:term":[{"taxonomy":"category","embeddable":true,"href":"https:\/\/www.biagiomarin.it\/home\/wp-json\/wp\/v2\/categories?post=1516"},{"taxonomy":"post_tag","embeddable":true,"href":"https:\/\/www.biagiomarin.it\/home\/wp-json\/wp\/v2\/tags?post=1516"}],"curies":[{"name":"wp","href":"https:\/\/api.w.org\/{rel}","templated":true}]}}