{"id":1512,"date":"2012-10-12T13:13:15","date_gmt":"2012-10-12T11:13:15","guid":{"rendered":"http:\/\/www.biagiomarin.it\/home\/?p=1512"},"modified":"2013-01-19T14:07:34","modified_gmt":"2013-01-19T12:07:34","slug":"convegno-di-toronto-ottobre-11-13-2012","status":"publish","type":"post","link":"https:\/\/www.biagiomarin.it\/home\/eventi\/convegno-di-toronto-ottobre-11-13-2012\/","title":{"rendered":"Convegno di Toronto (Ottobre 11-13, 2012)"},"content":{"rendered":"<p style=\"text-align: left;\"><a href=\"http:\/\/www.biagiomarin.it\/home\/wp-content\/uploads\/2012\/12\/convegno-di-toronto.png\"><img loading=\"lazy\" decoding=\"async\" class=\"wp-image-1513 alignleft\" title=\"convegno di toronto\" src=\"http:\/\/www.biagiomarin.it\/home\/wp-content\/uploads\/2012\/12\/convegno-di-toronto.png\" alt=\"\" width=\"383\" height=\"589\" \/><\/a>Fitta \u00e8 la serie di eventi che hanno impegnato negli ultimi mesi del 2012 il CSBM nel suo programma di ricerca, valorizzazione e studio del mondo giuliano, di cui il poeta \u00e8 testimone e parte attiv, \u00e8 patrimonio della regione tutta.<\/p>\n<p style=\"text-align: left;\">Ma che la sua poesia risuonasse a Toronto nel convegno organizzato dal Dipartimento di Italianistica dell&#8217;Universit\u00e0 canadese e dall&#8217;Istituto Italiano di Cultura sul tema &#8220;Letteratura italiana e religione&#8221;, non era prevedibile solo pochi mesi fa.<\/p>\n<p style=\"text-align: left;\">Cos\u00ec Edda Serra e Pericle Camuffo si sono trovati a ragionare dei <em>Canti de l&#8217;isola <\/em>e della religiosit\u00e0 del laico Marin (&#8220;Il tempo di Dio&#8221;) e rispettivamente della tematica religiosa prezzoliniana (&#8220;Dio \u00e8 un rischio&#8221;) con accanto Matteo Vercesi a ricordarlo primo tra altri poeti italiani in dialetto, (da <strong><span style=\"font-size: small;\">Il Piccolo di Trieste<\/span><\/strong><span style=\"font-size: small;\">,<\/span><strong><span style=\"font-size: small;\"> Cultura e Spettacoli, 28 ottobre 2012, p. 38<\/span><\/strong>).<\/p>\n<p align=\"LEFT\">Il Convegno di Toronto, svolto in lingua italiana e in inglese, ha visto relatori provenienti dagli USA, dal Canada, dal Regno Unito, dall&#8217;Italia: Universit\u00e0 di Pavia, Roma, Salento, Trento, Venezia, e CSBM. Interessante \u00e8 stato il quadro degli autori di cui si \u00e8 voluto esaminare il rapporto tra letteratura e religione, spaziando da Dante e la Divina Commedia, e da Jacopone da Todi, attraversando la letteratura della Riforma, per arrivare ai poeti del &#8216;900 che pi\u00f9 ci interessano, tra i quali Clemente Rebora, Giorgio Caproni, David Maria Turoldo. Il convegno rappresenta il punto d&#8217;arrivo di anni di ricerca guidata da Pietro Gibellini (Venezia) sul rapporto Bibbia e letteratura, che del resto si sono rivelati un innesto sul percorso avviato a suo tempo proprio a Toronto.<\/p>\n<p align=\"LEFT\">Interessante il convegno anche come testimonianza del fiorire degli studi di italianistica nel Nord America, e della presenza oltre Atlantico di giovani ricercatori e studiosi italiani di forte fibra. <strong>ES<\/strong><\/p>\n<p style=\"text-align: center;\" align=\"LEFT\"><a href=\"http:\/\/www.biagiomarin.it\/home\/wp-content\/uploads\/2012\/10\/CANADA-100.jpg\"><img loading=\"lazy\" decoding=\"async\" class=\"aligncenter size-full wp-image-1541\" title=\"CANADA 100\" src=\"http:\/\/www.biagiomarin.it\/home\/wp-content\/uploads\/2012\/10\/CANADA-100-e1357989976845.jpg\" alt=\"\" width=\"600\" height=\"450\" \/><\/a>Edda Serra e Pietro Gibellini con il Professore.<\/p>\n<p style=\"text-align: center;\" align=\"LEFT\"><a href=\"http:\/\/www.biagiomarin.it\/home\/wp-content\/uploads\/2012\/10\/CANADA-0281.jpg\"><img loading=\"lazy\" decoding=\"async\" class=\"aligncenter  wp-image-1559\" title=\"CANADA 028\" src=\"http:\/\/www.biagiomarin.it\/home\/wp-content\/uploads\/2012\/10\/CANADA-0281-e1358597195591.jpg\" alt=\"\" width=\"570\" height=\"375\" \/><\/a>Matteo Vercesi, Pietro Gibellini, Pericle Camuffo, Edda Serra nel parco dell&#8217;Universit\u00e0 di Toronto.<\/p>\n","protected":false},"excerpt":{"rendered":"<p>Fitta \u00e8 la serie di eventi che hanno impegnato negli ultimi mesi del 2012 il CSBM nel suo programma di ricerca, valorizzazione e studio del mondo giuliano, di cui il poeta \u00e8 testimone e parte attiv, \u00e8 patrimonio della regione &hellip; <a href=\"https:\/\/www.biagiomarin.it\/home\/eventi\/convegno-di-toronto-ottobre-11-13-2012\/\">Continua a leggere<span class=\"meta-nav\">&rarr;<\/span><\/a><\/p>\n","protected":false},"author":1,"featured_media":0,"comment_status":"open","ping_status":"open","sticky":false,"template":"","format":"standard","meta":{"footnotes":""},"categories":[4],"tags":[],"class_list":["post-1512","post","type-post","status-publish","format-standard","hentry","category-eventi"],"_links":{"self":[{"href":"https:\/\/www.biagiomarin.it\/home\/wp-json\/wp\/v2\/posts\/1512","targetHints":{"allow":["GET"]}}],"collection":[{"href":"https:\/\/www.biagiomarin.it\/home\/wp-json\/wp\/v2\/posts"}],"about":[{"href":"https:\/\/www.biagiomarin.it\/home\/wp-json\/wp\/v2\/types\/post"}],"author":[{"embeddable":true,"href":"https:\/\/www.biagiomarin.it\/home\/wp-json\/wp\/v2\/users\/1"}],"replies":[{"embeddable":true,"href":"https:\/\/www.biagiomarin.it\/home\/wp-json\/wp\/v2\/comments?post=1512"}],"version-history":[{"count":11,"href":"https:\/\/www.biagiomarin.it\/home\/wp-json\/wp\/v2\/posts\/1512\/revisions"}],"predecessor-version":[{"id":1531,"href":"https:\/\/www.biagiomarin.it\/home\/wp-json\/wp\/v2\/posts\/1512\/revisions\/1531"}],"wp:attachment":[{"href":"https:\/\/www.biagiomarin.it\/home\/wp-json\/wp\/v2\/media?parent=1512"}],"wp:term":[{"taxonomy":"category","embeddable":true,"href":"https:\/\/www.biagiomarin.it\/home\/wp-json\/wp\/v2\/categories?post=1512"},{"taxonomy":"post_tag","embeddable":true,"href":"https:\/\/www.biagiomarin.it\/home\/wp-json\/wp\/v2\/tags?post=1512"}],"curies":[{"name":"wp","href":"https:\/\/api.w.org\/{rel}","templated":true}]}}