{"id":1496,"date":"2012-11-07T12:44:48","date_gmt":"2012-11-07T10:44:48","guid":{"rendered":"http:\/\/www.biagiomarin.it\/home\/?p=1496"},"modified":"2013-02-19T13:21:29","modified_gmt":"2013-02-19T11:21:29","slug":"convegno-di-gorizia-6-novembre-2012","status":"publish","type":"post","link":"https:\/\/www.biagiomarin.it\/home\/eventi\/convegno-di-gorizia-6-novembre-2012\/","title":{"rendered":"Convegno di Gorizia (6 novembre 2012)"},"content":{"rendered":"<p>&nbsp;<\/p>\n<p><a href=\"http:\/\/www.biagiomarin.it\/home\/wp-content\/uploads\/2012\/12\/gorizia-conv-pg-1-e1355568076517.jpg\"><img loading=\"lazy\" decoding=\"async\" class=\"wp-image-1498 alignleft\" title=\"gorizia conv pg 1\" src=\"http:\/\/www.biagiomarin.it\/home\/wp-content\/uploads\/2012\/12\/gorizia-conv-pg-1-e1355568076517.jpg\" alt=\"\" width=\"400\" height=\"442\" \/><\/a>Il convegno &#8220;Biagio Marin e Gorizia 1923. Biagio Marin e il mondo slavo&#8221; rientra nella logica della ricerca scandita sui tempi della formazione e dell&#8217;esperienza civile e del poeta nel corso degli anni. Dopo l&#8217;analisi del compiersi di un secolo della pubblicazione de <em>I fiuri de tapo <\/em>(1912), e dopo la pubblicazione del carteggio Prezzolini \u2013 Marin (1913- 1982), dopo l&#8217;esperienza della Prima guerra mondiale, subentra per Marin un triennio intenso che lo vede operante a <span style=\"color: #ff0000;\">Gorizia<span style=\"color: #888888;\">, <\/span><\/span>entrata a far parte del territorio nazionale italiano. Qui si spende come insegnante e come attivista sul fronte delle responsabilit\u00e0 civili e politiche. \u00c8 di questi anni infatti la discussa esperienza di insegnante di pedagogia e di italiano presso l&#8217;Istituto magistrale femminile, e della sua attivit\u00e0 nella pi\u00f9 ampia cerchia sociale di rinnovamento culturale e civile secondo <span style=\"color: #ff0000;\">la lezione della <\/span><em><span style=\"color: #ff0000;\">Voce<\/span><\/em> <span style=\"color: #ff0000;\">fiorentina<\/span> (1911). Ne resta traccia nella ricca serie di articoli e di interventi nei fogli politici di ispirazione mazziniana de <em><span style=\"color: #000000;\"><span style=\"color: #ff0000;\">L&#8217;Azione<\/span><\/span><\/em><span style=\"color: #000000;\"><em> <\/em>e de <\/span><span style=\"color: #000000;\"><em><span style=\"color: #ff0000;\">La libert\u00e0<\/span><\/em><\/span><span style=\"color: #000000;\"> , nonch\u00e9 nella <em>Voce <\/em>goriziana, che il CSBM ha riunito in una pubblicazione della serie dei Quaderni del CSBM, Fabrizio Editore, Pisa- Roma 2012, con il titolo <em>Scritti goriziani<\/em> 1920-1923. Il volume \u00e8 stato presentato in occasione del convegno. <\/span><\/p>\n<p><a href=\"http:\/\/www.biagiomarin.it\/home\/wp-content\/uploads\/2012\/12\/gorizia-conv-pg-2.jpg\"><img loading=\"lazy\" decoding=\"async\" class=\"wp-image-1500 alignleft\" title=\"gorizia conv pg 2\" src=\"http:\/\/www.biagiomarin.it\/home\/wp-content\/uploads\/2012\/12\/gorizia-conv-pg-2-e1355568140904.jpg\" alt=\"\" width=\"400\" height=\"415\" \/><\/a>Il convegno del 6 novembre svolto nella Sala della Torre offerta dalla Fondazione Cassa di Risparmio di Gorizia, \u00e8 stato pensato con due altre intenzioni: di chiarire l&#8217;effettivo rapporto di Marin con il mondo slavo, altrimenti ricondotto di solito, settorialmente, alle <em>Elegie istriane <\/em>(1963), che nascevano in un contesto decisamente diverso; e di aprire una prospettiva di analisi delle genti del nostro territorio meglio contestualizzata e pi\u00f9 completa, cio\u00e8 pi\u00f9 aperta, possibilmente in dialogo con voci di studiosi esterni. Secondo la lezione dello stesso Marin documentata anche dal carteggio Brazzoduro &#8211; Marin (Studi Mariniani n. 15, 2008). Il convegno \u00e8 stato organizzato in collaborazione con l&#8217;Istituto per gli Incontri Culturali Mitteleuropei, e con il sostegno della Regione Autonoma Friuli Venezia Giulia, il Comune di Grado, la Fondazione Cassa di Risparmio di Gorizia, Grado- Impianti Turistici, la Biblioteca Statale Isontina. Vi hanno partecipato Fulvio Salimbeni, Pericle Camuffo, Roberto Spazzali, Diego Redivo, Ezio Giuricin, Stelio Sapadaro, Marco Giovanetti, Matteo Vercesi, Anna De Simone, Fabio Russo. Tatjana Rojc ha tracciato un quadro efficace della situazione degli sloveni tra la dissoluzione dell&#8217;Austria- Ungheria e la costituzione della Monarchia jugoslava; Ivana Suhadolz ha dato godibile testimonianza di un esempio di rapporti privati tra Marin e un&#8217;amica slovena (<em>La storia di Graziella<\/em>).<\/p>\n<p>Per un discorso su questo tema vanno per\u00f2 ancora rilette le pagine di <em>Gorizia<\/em>. <em>La citt\u00e0 mutilata<\/em>, e le <em>Lettere a Elena Lokar<\/em>. <span style=\"color: #000000;\">Va soprattutto avviato uno studio sistematico e completo entro gli scritti di Marin, <\/span>diari compresi , e i suoi interventi sulla stampa del secondo dopoguerra, <em>Discorso sulla poesia<\/em> compreso. <strong>ES<\/strong><\/p>\n<p>&nbsp;<\/p>\n<p>&nbsp;<\/p>\n","protected":false},"excerpt":{"rendered":"<p>&nbsp; Il convegno &#8220;Biagio Marin e Gorizia 1923. Biagio Marin e il mondo slavo&#8221; rientra nella logica della ricerca scandita sui tempi della formazione e dell&#8217;esperienza civile e del poeta nel corso degli anni. Dopo l&#8217;analisi del compiersi di un &hellip; <a href=\"https:\/\/www.biagiomarin.it\/home\/eventi\/convegno-di-gorizia-6-novembre-2012\/\">Continua a leggere<span class=\"meta-nav\">&rarr;<\/span><\/a><\/p>\n","protected":false},"author":1,"featured_media":0,"comment_status":"open","ping_status":"open","sticky":false,"template":"","format":"standard","meta":{"footnotes":""},"categories":[4],"tags":[],"class_list":["post-1496","post","type-post","status-publish","format-standard","hentry","category-eventi"],"_links":{"self":[{"href":"https:\/\/www.biagiomarin.it\/home\/wp-json\/wp\/v2\/posts\/1496","targetHints":{"allow":["GET"]}}],"collection":[{"href":"https:\/\/www.biagiomarin.it\/home\/wp-json\/wp\/v2\/posts"}],"about":[{"href":"https:\/\/www.biagiomarin.it\/home\/wp-json\/wp\/v2\/types\/post"}],"author":[{"embeddable":true,"href":"https:\/\/www.biagiomarin.it\/home\/wp-json\/wp\/v2\/users\/1"}],"replies":[{"embeddable":true,"href":"https:\/\/www.biagiomarin.it\/home\/wp-json\/wp\/v2\/comments?post=1496"}],"version-history":[{"count":11,"href":"https:\/\/www.biagiomarin.it\/home\/wp-json\/wp\/v2\/posts\/1496\/revisions"}],"predecessor-version":[{"id":1545,"href":"https:\/\/www.biagiomarin.it\/home\/wp-json\/wp\/v2\/posts\/1496\/revisions\/1545"}],"wp:attachment":[{"href":"https:\/\/www.biagiomarin.it\/home\/wp-json\/wp\/v2\/media?parent=1496"}],"wp:term":[{"taxonomy":"category","embeddable":true,"href":"https:\/\/www.biagiomarin.it\/home\/wp-json\/wp\/v2\/categories?post=1496"},{"taxonomy":"post_tag","embeddable":true,"href":"https:\/\/www.biagiomarin.it\/home\/wp-json\/wp\/v2\/tags?post=1496"}],"curies":[{"name":"wp","href":"https:\/\/api.w.org\/{rel}","templated":true}]}}