{"id":1410,"date":"2012-02-15T11:13:36","date_gmt":"2012-02-15T09:13:36","guid":{"rendered":"http:\/\/www.biagiomarin.it\/home\/?p=1410"},"modified":"2012-06-26T11:16:48","modified_gmt":"2012-06-26T09:16:48","slug":"resine-2004","status":"publish","type":"post","link":"https:\/\/www.biagiomarin.it\/home\/su-biagio-marin-ed-il-suo-mondo\/resine-2004\/","title":{"rendered":"da Resine (2004): I due Marin"},"content":{"rendered":"<p><a href=\"http:\/\/www.biagiomarin.it\/home\/wp-content\/uploads\/2012\/06\/resine1-e1340699961576.jpeg\"><img loading=\"lazy\" decoding=\"async\" class=\" wp-image-1406 alignleft\" title=\"resine\" src=\"http:\/\/www.biagiomarin.it\/home\/wp-content\/uploads\/2012\/06\/resine1-e1340699961576.jpeg\" alt=\"\" width=\"210\" height=\"300\" \/><\/a>Per quanto tardiva tuttavia stimiamo necessaria la segnalazione di questo prezioso volume di <strong>Resine<\/strong> interamente dedicato alla cultura istriana e fiumana del &#8216;900. Da solo il volume di<strong> Resine<\/strong>, <strong>Quaderni liguri di cultura <\/strong>(2004), testimonia con ricchezza l&#8217;ambiente culturale di cui si \u00e8 alimentato Biagio Marin, a cui il poeta ha dato il suo contributo di cittadino, e di intellettuale. Questo \u00e8 il suo mondo. I nomi in copertina di Adriano Sansa, Cristina Benussi, Giorgio Cavallini, Patrizia C. Hansen, Bruno Rombi, Enrico Morovich, Alessandro Damiani, Luigi Fenga, Bruno Maier, Stefano Verdino, Riccardo Ferrante, Manlio Cecovini, Mario Simonovich, ed altri, tra cui Silvio Riolfo Marengo, Vico Paggi, Livio Garzanti, Valentino Zeichen, rappresentano direttamente, e indirettamente per i temi affrontati, quella cultura giuliana che nel &#8216;900 ha avuto la sua bella fioritura, rispondendo al rilievo critico che vuole, sorta troppo di recente, la categoria e il nome della Venezia-Giulia.<\/p>\n<p>A rappresentare la drammaticit\u00e0 e la complessit\u00e0 della realt\u00e0 umana della Venezia-Giulia, regione di confine tra pi\u00f9 lingue e culture, c&#8217;\u00e8 in particolare il saggio di Edda Serra dedicato al poeta e al figlio Falco con l&#8217;articolo <strong>I due Marin 1939-1943<\/strong>;<strong> <\/strong>qui oltre la cronaca della perdita del figlio Falco (25 luglio 1943 sul fronte bellico della Slovenia) \u00e8 analizzato il percorso di trascendimento della esperienza nel linguaggio della poesia, in cui si risolvono le contraddizioni umane personali e storiche e la stessa dimensione esistenziale. Nell&#8217;itinerario, giovandosi delle parole dell&#8217;uno e dell&#8217;altro, nel dialogo fitto di un padre che riflette sulle ragioni delle proprie scelte e di quelle del figlio, e sulle parole che questi gli dedicava nelle lettere, la sintesi poetica vede fusi e confusi i due linguaggi. ES<\/p>\n<p><a href=\"http:\/\/www.biagiomarin.it\/home\/wp-content\/uploads\/2012\/06\/resine-tr.jpg\"><img loading=\"lazy\" decoding=\"async\" class=\"aligncenter size-full wp-image-1423\" title=\"resine tr\" src=\"http:\/\/www.biagiomarin.it\/home\/wp-content\/uploads\/2012\/06\/resine-tr-e1340701910149.jpg\" alt=\"\" width=\"350\" height=\"530\" \/><\/a><\/p>\n<p>&nbsp;<\/p>\n<p>&nbsp;<\/p>\n","protected":false},"excerpt":{"rendered":"<p>Per quanto tardiva tuttavia stimiamo necessaria la segnalazione di questo prezioso volume di Resine interamente dedicato alla cultura istriana e fiumana del &#8216;900. Da solo il volume di Resine, Quaderni liguri di cultura (2004), testimonia con ricchezza l&#8217;ambiente culturale di &hellip; <a href=\"https:\/\/www.biagiomarin.it\/home\/su-biagio-marin-ed-il-suo-mondo\/resine-2004\/\">Continua a leggere<span class=\"meta-nav\">&rarr;<\/span><\/a><\/p>\n","protected":false},"author":1,"featured_media":0,"comment_status":"open","ping_status":"open","sticky":false,"template":"","format":"standard","meta":{"footnotes":""},"categories":[19,8],"tags":[],"class_list":["post-1410","post","type-post","status-publish","format-standard","hentry","category-altre-pubblicazioni","category-su-biagio-marin-ed-il-suo-mondo"],"_links":{"self":[{"href":"https:\/\/www.biagiomarin.it\/home\/wp-json\/wp\/v2\/posts\/1410","targetHints":{"allow":["GET"]}}],"collection":[{"href":"https:\/\/www.biagiomarin.it\/home\/wp-json\/wp\/v2\/posts"}],"about":[{"href":"https:\/\/www.biagiomarin.it\/home\/wp-json\/wp\/v2\/types\/post"}],"author":[{"embeddable":true,"href":"https:\/\/www.biagiomarin.it\/home\/wp-json\/wp\/v2\/users\/1"}],"replies":[{"embeddable":true,"href":"https:\/\/www.biagiomarin.it\/home\/wp-json\/wp\/v2\/comments?post=1410"}],"version-history":[{"count":15,"href":"https:\/\/www.biagiomarin.it\/home\/wp-json\/wp\/v2\/posts\/1410\/revisions"}],"predecessor-version":[{"id":1428,"href":"https:\/\/www.biagiomarin.it\/home\/wp-json\/wp\/v2\/posts\/1410\/revisions\/1428"}],"wp:attachment":[{"href":"https:\/\/www.biagiomarin.it\/home\/wp-json\/wp\/v2\/media?parent=1410"}],"wp:term":[{"taxonomy":"category","embeddable":true,"href":"https:\/\/www.biagiomarin.it\/home\/wp-json\/wp\/v2\/categories?post=1410"},{"taxonomy":"post_tag","embeddable":true,"href":"https:\/\/www.biagiomarin.it\/home\/wp-json\/wp\/v2\/tags?post=1410"}],"curies":[{"name":"wp","href":"https:\/\/api.w.org\/{rel}","templated":true}]}}