{"id":1361,"date":"2012-01-16T10:48:51","date_gmt":"2012-01-16T08:48:51","guid":{"rendered":"http:\/\/www.biagiomarin.it\/home\/?p=1361"},"modified":"2012-06-16T11:08:21","modified_gmt":"2012-06-16T09:08:21","slug":"angel-de-aria-di-franco-loi","status":"publish","type":"post","link":"https:\/\/www.biagiomarin.it\/home\/altre-pubblicazioni\/angel-de-aria-di-franco-loi\/","title":{"rendered":"Angel de Aria di Franco Loi"},"content":{"rendered":"<p><a href=\"http:\/\/www.biagiomarin.it\/home\/wp-content\/uploads\/2012\/06\/Angel-de-aria.jpeg\"><img loading=\"lazy\" decoding=\"async\" class=\"alignleft  wp-image-1362\" title=\"Angel de aria\" src=\"http:\/\/www.biagiomarin.it\/home\/wp-content\/uploads\/2012\/06\/Angel-de-aria-170x300.jpg\" alt=\"\" width=\"200\" height=\"281\" \/><\/a><\/p>\n<p><a href=\"http:\/\/www.biagiomarin.it\/home\/wp-content\/uploads\/2012\/01\/poesia-di-F-Loi-1.jpeg\"><img loading=\"lazy\" decoding=\"async\" class=\"alignleft  wp-image-1373\" title=\"poesia di F Loi 1\" src=\"http:\/\/www.biagiomarin.it\/home\/wp-content\/uploads\/2012\/01\/poesia-di-F-Loi-1-300x73.jpg\" alt=\"\" width=\"293\" height=\"73\" \/><\/a><\/p>\n<p>&nbsp;<\/p>\n<p><a href=\"http:\/\/www.biagiomarin.it\/home\/wp-content\/uploads\/2012\/01\/poesia-di-F-Loi.jpeg\"><img loading=\"lazy\" decoding=\"async\" class=\"wp-image-1371 alignnone\" title=\"poesia di F Loi\" src=\"http:\/\/www.biagiomarin.it\/home\/wp-content\/uploads\/2012\/01\/poesia-di-F-Loi-300x65.jpg\" alt=\"\" width=\"300\" height=\"65\" srcset=\"https:\/\/www.biagiomarin.it\/home\/wp-content\/uploads\/2012\/01\/poesia-di-F-Loi-300x65.jpg 300w, https:\/\/www.biagiomarin.it\/home\/wp-content\/uploads\/2012\/01\/poesia-di-F-Loi.jpeg 544w\" sizes=\"auto, (max-width: 300px) 100vw, 300px\" \/><\/a><\/p>\n<p><span style=\"font-size: small;\">Copertina e poesia di apertura della raccolta.<\/span><\/p>\n<p>&nbsp;<\/p>\n<p>&nbsp;<\/p>\n<p><span style=\"font-size: small;\">Franco Loi a ottant&#8217;anni riprende il dialogo con l&#8217;Angelo, nel libro intitolato \u201cAngel de aria\u201d, Nino Aragno editore, Torino 2011. Il poeta, uno dei pi\u00f9 fedeli collaboratori del Centro Studi Biagio Marin che ha mantenuto viva l&#8217;affettuosa memoria del poeta di Grado, con il quale ha avuto lunga intensa corrispondenza degna di pubblicazione, considerato il pi\u00f9 grande poeta in dialetto dei nostri giorni, \u00e8 cos\u00ec introdotto da Giovanni Tesio: <\/span><br \/>\n<span style=\"font-size: small;\">\u201c<em><strong>l&#8217;Angel <\/strong><\/em>quinta parte. Non \u00e8 detto nemmeno che sia l&#8217;ultima ma di certo \u00e8 la pi\u00f9 lirica [\u2026] tutto diventa fiato e respiro, trasparenza e riflesso, il soffio di un impossibile: <em>come si fa a dire quel che l&#8217;anima stringe nel film nascosto del ricordare?<\/em> [\u2026] A vincere \u00e8 il canto, \u00e8 lo stupore [\u2026]\u201d<\/span><\/p>\n<p><span style=\"font-size: small;\"><br \/>\n<\/span><\/p>\n<p>&nbsp;<\/p>\n<p>&nbsp;<\/p>\n<p>&nbsp;<\/p>\n<p>&nbsp;<\/p>\n<p><a href=\"http:\/\/www.biagiomarin.it\/home\/wp-content\/uploads\/2012\/06\/poesia-di-F-Loi.jpeg\"><br \/>\n<\/a><\/p>\n","protected":false},"excerpt":{"rendered":"<p>&nbsp; Copertina e poesia di apertura della raccolta. &nbsp; &nbsp; Franco Loi a ottant&#8217;anni riprende il dialogo con l&#8217;Angelo, nel libro intitolato \u201cAngel de aria\u201d, Nino Aragno editore, Torino 2011. Il poeta, uno dei pi\u00f9 fedeli collaboratori del Centro Studi &hellip; <a href=\"https:\/\/www.biagiomarin.it\/home\/altre-pubblicazioni\/angel-de-aria-di-franco-loi\/\">Continua a leggere<span class=\"meta-nav\">&rarr;<\/span><\/a><\/p>\n","protected":false},"author":1,"featured_media":0,"comment_status":"open","ping_status":"open","sticky":false,"template":"","format":"standard","meta":{"footnotes":""},"categories":[19],"tags":[],"class_list":["post-1361","post","type-post","status-publish","format-standard","hentry","category-altre-pubblicazioni"],"_links":{"self":[{"href":"https:\/\/www.biagiomarin.it\/home\/wp-json\/wp\/v2\/posts\/1361","targetHints":{"allow":["GET"]}}],"collection":[{"href":"https:\/\/www.biagiomarin.it\/home\/wp-json\/wp\/v2\/posts"}],"about":[{"href":"https:\/\/www.biagiomarin.it\/home\/wp-json\/wp\/v2\/types\/post"}],"author":[{"embeddable":true,"href":"https:\/\/www.biagiomarin.it\/home\/wp-json\/wp\/v2\/users\/1"}],"replies":[{"embeddable":true,"href":"https:\/\/www.biagiomarin.it\/home\/wp-json\/wp\/v2\/comments?post=1361"}],"version-history":[{"count":7,"href":"https:\/\/www.biagiomarin.it\/home\/wp-json\/wp\/v2\/posts\/1361\/revisions"}],"predecessor-version":[{"id":1370,"href":"https:\/\/www.biagiomarin.it\/home\/wp-json\/wp\/v2\/posts\/1361\/revisions\/1370"}],"wp:attachment":[{"href":"https:\/\/www.biagiomarin.it\/home\/wp-json\/wp\/v2\/media?parent=1361"}],"wp:term":[{"taxonomy":"category","embeddable":true,"href":"https:\/\/www.biagiomarin.it\/home\/wp-json\/wp\/v2\/categories?post=1361"},{"taxonomy":"post_tag","embeddable":true,"href":"https:\/\/www.biagiomarin.it\/home\/wp-json\/wp\/v2\/tags?post=1361"}],"curies":[{"name":"wp","href":"https:\/\/api.w.org\/{rel}","templated":true}]}}