{"id":1090,"date":"2011-11-11T17:36:48","date_gmt":"2011-11-11T15:36:48","guid":{"rendered":"http:\/\/www.biagiomarin.it\/home\/?p=1090"},"modified":"2011-11-12T17:37:42","modified_gmt":"2011-11-12T15:37:42","slug":"stelio-crise-relazioni-e-corrispondenze-edizioni-comunicarte-2011-a-cura-di-stefano-crise","status":"publish","type":"post","link":"https:\/\/www.biagiomarin.it\/home\/su-biagio-marin-ed-il-suo-mondo\/stelio-crise-relazioni-e-corrispondenze-edizioni-comunicarte-2011-a-cura-di-stefano-crise\/","title":{"rendered":"\u201cStelio Crise: relazioni e corrispondenze.\u201d Edizioni Comunicarte 2011 a cura di Stefano Crise."},"content":{"rendered":"<p><a href=\"http:\/\/www.biagiomarin.it\/home\/wp-content\/uploads\/2011\/11\/Stelio-Crise--e1321109125460.jpeg\"><img loading=\"lazy\" decoding=\"async\" class=\"aligncenter size-medium wp-image-1091\" title=\"Stelio Crise\" src=\"http:\/\/www.biagiomarin.it\/home\/wp-content\/uploads\/2011\/11\/Stelio-Crise--e1321109125460-225x300.jpg\" alt=\"\" width=\"225\" height=\"300\" srcset=\"https:\/\/www.biagiomarin.it\/home\/wp-content\/uploads\/2011\/11\/Stelio-Crise--e1321109125460-225x300.jpg 225w, https:\/\/www.biagiomarin.it\/home\/wp-content\/uploads\/2011\/11\/Stelio-Crise--e1321109125460-771x1024.jpg 771w, https:\/\/www.biagiomarin.it\/home\/wp-content\/uploads\/2011\/11\/Stelio-Crise--e1321109125460.jpeg 861w\" sizes=\"auto, (max-width: 225px) 100vw, 225px\" \/><\/a><\/p>\n<p>Volume importante, questo edito da Comunicarte (2011) a suggello della mostra dedicata a Stelio Crise, straordinaria per la ricchezza di documenti e l&#8217;originalit\u00e0 dell&#8217;esposizione. Straordinario infatti era il personaggio Stelio Crise che emerge a cura del figlio Stefano attraverso una serie di saggi e interventi e la serie di documenti fotografici in parte inediti, per i quali rimando all&#8217;indice.<br \/>\nStelio Crise nella sua funzione di direttore e fondatore di biblioteche a Trieste \u00e8 stato forse il personaggio della cultura triestina che pi\u00f9 ha contribuito\u00a0 alla realizzazione di quella rete culturale che vivacemente ha alimentato la citt\u00e0 nel secondo dopoguerra. Personaggi, autori, artisti gli sono passati davanti, provenienti da ogni dove. Se Societ\u00e0 dei Concerti e Circolo della Cultura e delle Arti sono state protagoniste di quell&#8217;atmosfera culturale vivace e di alto livello, Stelio Crise ne \u00e8 stato l&#8217;anima anzi lo stratega capace di utilizzare ogni risorsa culturale intravvista con serenit\u00e0, generosit\u00e0 e intelligenza del presente. La sua era anche severit\u00e0 cui il senso dell&#8217;ironia e del divertito paradosso era complementare.<br \/>\nFra gli altri interventi quello di Edda Serra riguarda il carteggio Crise-Marin, limitato, beninteso, ai documenti presenti nel fondo Marin della Biblioteca Civica di Grado; il loro \u00e8 stato un rapporto affettuoso, che si \u00e8 alimentato della convinzione di Stelio Crise di avere comunque davanti a s\u00e8 un genio poetico.<\/p>\n<p>Pagg. 255, euro 18,00.<\/p>\n<p><a href=\"http:\/\/www.biagiomarin.it\/home\/wp-content\/uploads\/2011\/11\/Stelio-Crise-indice-2.jpeg\"><img loading=\"lazy\" decoding=\"async\" class=\"alignleft size-medium wp-image-1093\" title=\"Stelio Crise indice 2\" src=\"http:\/\/www.biagiomarin.it\/home\/wp-content\/uploads\/2011\/11\/Stelio-Crise-indice-2-195x300.jpg\" alt=\"\" width=\"195\" height=\"300\" \/><\/a><a href=\"http:\/\/www.biagiomarin.it\/home\/wp-content\/uploads\/2011\/11\/Stelio-Crise-indice-n.2-e1321112005911.jpeg\"><img loading=\"lazy\" decoding=\"async\" class=\"alignright size-medium wp-image-1094\" title=\"Stelio Crise indice n.2\" src=\"http:\/\/www.biagiomarin.it\/home\/wp-content\/uploads\/2011\/11\/Stelio-Crise-indice-n.2-e1321111867493-215x300.jpg\" alt=\"\" width=\"215\" height=\"300\" \/><\/a><\/p>\n","protected":false},"excerpt":{"rendered":"<p>Volume importante, questo edito da Comunicarte (2011) a suggello della mostra dedicata a Stelio Crise, straordinaria per la ricchezza di documenti e l&#8217;originalit\u00e0 dell&#8217;esposizione. Straordinario infatti era il personaggio Stelio Crise che emerge a cura del figlio Stefano attraverso una &hellip; <a href=\"https:\/\/www.biagiomarin.it\/home\/su-biagio-marin-ed-il-suo-mondo\/stelio-crise-relazioni-e-corrispondenze-edizioni-comunicarte-2011-a-cura-di-stefano-crise\/\">Continua a leggere<span class=\"meta-nav\">&rarr;<\/span><\/a><\/p>\n","protected":false},"author":4,"featured_media":0,"comment_status":"open","ping_status":"open","sticky":false,"template":"","format":"standard","meta":{"footnotes":""},"categories":[19,8],"tags":[],"class_list":["post-1090","post","type-post","status-publish","format-standard","hentry","category-altre-pubblicazioni","category-su-biagio-marin-ed-il-suo-mondo"],"_links":{"self":[{"href":"https:\/\/www.biagiomarin.it\/home\/wp-json\/wp\/v2\/posts\/1090","targetHints":{"allow":["GET"]}}],"collection":[{"href":"https:\/\/www.biagiomarin.it\/home\/wp-json\/wp\/v2\/posts"}],"about":[{"href":"https:\/\/www.biagiomarin.it\/home\/wp-json\/wp\/v2\/types\/post"}],"author":[{"embeddable":true,"href":"https:\/\/www.biagiomarin.it\/home\/wp-json\/wp\/v2\/users\/4"}],"replies":[{"embeddable":true,"href":"https:\/\/www.biagiomarin.it\/home\/wp-json\/wp\/v2\/comments?post=1090"}],"version-history":[{"count":6,"href":"https:\/\/www.biagiomarin.it\/home\/wp-json\/wp\/v2\/posts\/1090\/revisions"}],"predecessor-version":[{"id":1100,"href":"https:\/\/www.biagiomarin.it\/home\/wp-json\/wp\/v2\/posts\/1090\/revisions\/1100"}],"wp:attachment":[{"href":"https:\/\/www.biagiomarin.it\/home\/wp-json\/wp\/v2\/media?parent=1090"}],"wp:term":[{"taxonomy":"category","embeddable":true,"href":"https:\/\/www.biagiomarin.it\/home\/wp-json\/wp\/v2\/categories?post=1090"},{"taxonomy":"post_tag","embeddable":true,"href":"https:\/\/www.biagiomarin.it\/home\/wp-json\/wp\/v2\/tags?post=1090"}],"curies":[{"name":"wp","href":"https:\/\/api.w.org\/{rel}","templated":true}]}}